{"id":18783,"date":"2025-11-17T11:01:07","date_gmt":"2025-11-17T11:01:07","guid":{"rendered":"http:\/\/noticiasrec.com\/?p=18783"},"modified":"2025-11-17T11:01:07","modified_gmt":"2025-11-17T11:01:07","slug":"marinucci-encabezo-la-jornada-de-concientizacion-por-el-dia-mundial-en-recuerdo-a-las-victimas-de-siniestros-viales","status":"publish","type":"post","link":"https:\/\/noticiasrec.com\/?p=18783","title":{"rendered":"Marinucci encabez\u00f3 la jornada de concientizaci\u00f3n por el d\u00eda mundial en recuerdo a las v\u00edctimas de siniestros viales"},"content":{"rendered":"\n<p><strong>17 de Noviembre 2025<\/strong><\/p>\n\n\n\n<p><em><strong>El ministro de Transporte bonaerense, Mart\u00edn Marinucci, junto al intendente de San Mart\u00edn, Fernando Moreira, llevaron adelante una actividad integral de seguridad vial para promover las buenas conductas al volante. Adem\u00e1s, en homenaje, se ilumin\u00f3 la fachada de la cartera provincial en tonos amarillos.<\/strong><\/em><\/p>\n\n\n\n<p>El ministro de Transporte de la provincia de Buenos Aires, Mart\u00edn Marinucci, encabez\u00f3 este s\u00e1bado una jornada de concientizaci\u00f3n vial en la Plaza Mitre del municipio de San Mart\u00edn, junto al intendente Fernando Moreira y el concejal local Juan Eslaiman. La actividad, que reuni\u00f3 a vecinos y vecinas para promover h\u00e1bitos seguros en el espacio p\u00fablico y fortalecer la cultura vial, se desarroll\u00f3 en el marco del d\u00eda mundial en recuerdo de las v\u00edctimas de siniestros viales. Cabe se\u00f1alar que, en conmemoraci\u00f3n con la fecha, la sede central del Ministerio en las calles 10 y 61 de La Plata, se ilumin\u00f3 de amarillo en recuerdo y homenaje.<\/p>\n\n\n\n<figure class=\"wp-block-image size-large is-resized\"><a href=\"http:\/\/noticiasrec.com\/wp-content\/uploads\/2025\/11\/Martin-Marinucci-en-el-dia-mundial-del-Recuerdo-de-las-Victimas-de-Siniestros-Viales-4.jpeg\"><img loading=\"lazy\" decoding=\"async\" width=\"1024\" height=\"682\" src=\"http:\/\/noticiasrec.com\/wp-content\/uploads\/2025\/11\/Martin-Marinucci-en-el-dia-mundial-del-Recuerdo-de-las-Victimas-de-Siniestros-Viales-4-1024x682.jpeg\" alt=\"\" class=\"wp-image-18784\" style=\"width:705px;height:auto\" srcset=\"https:\/\/noticiasrec.com\/wp-content\/uploads\/2025\/11\/Martin-Marinucci-en-el-dia-mundial-del-Recuerdo-de-las-Victimas-de-Siniestros-Viales-4-1024x682.jpeg 1024w, https:\/\/noticiasrec.com\/wp-content\/uploads\/2025\/11\/Martin-Marinucci-en-el-dia-mundial-del-Recuerdo-de-las-Victimas-de-Siniestros-Viales-4-300x200.jpeg 300w, https:\/\/noticiasrec.com\/wp-content\/uploads\/2025\/11\/Martin-Marinucci-en-el-dia-mundial-del-Recuerdo-de-las-Victimas-de-Siniestros-Viales-4-768x512.jpeg 768w, https:\/\/noticiasrec.com\/wp-content\/uploads\/2025\/11\/Martin-Marinucci-en-el-dia-mundial-del-Recuerdo-de-las-Victimas-de-Siniestros-Viales-4.jpeg 1280w\" sizes=\"auto, (max-width: 1024px) 100vw, 1024px\" \/><\/a><\/figure>\n\n\n\n<p>Durante el encuentro, las autoridades destacaron la importancia de impulsar acciones territoriales que permitan generar mayor responsabilidad en la conducci\u00f3n y mayor conciencia sobre el uso de elementos de protecci\u00f3n. Marinucci remarc\u00f3 la necesidad de seguir construyendo pol\u00edticas p\u00fablicas que cuiden la vida en cada una de las ciudades de la Provincia.<\/p>\n\n\n\n<figure class=\"wp-block-image size-large is-resized\"><a href=\"http:\/\/noticiasrec.com\/wp-content\/uploads\/2025\/11\/Martin-Marinucci-en-el-dia-mundial-del-Recuerdo-de-las-Victimas-de-Siniestros-Viales-6.jpeg\"><img loading=\"lazy\" decoding=\"async\" width=\"1024\" height=\"682\" src=\"http:\/\/noticiasrec.com\/wp-content\/uploads\/2025\/11\/Martin-Marinucci-en-el-dia-mundial-del-Recuerdo-de-las-Victimas-de-Siniestros-Viales-6-1024x682.jpeg\" alt=\"\" class=\"wp-image-18785\" style=\"width:708px;height:auto\" srcset=\"https:\/\/noticiasrec.com\/wp-content\/uploads\/2025\/11\/Martin-Marinucci-en-el-dia-mundial-del-Recuerdo-de-las-Victimas-de-Siniestros-Viales-6-1024x682.jpeg 1024w, https:\/\/noticiasrec.com\/wp-content\/uploads\/2025\/11\/Martin-Marinucci-en-el-dia-mundial-del-Recuerdo-de-las-Victimas-de-Siniestros-Viales-6-300x200.jpeg 300w, https:\/\/noticiasrec.com\/wp-content\/uploads\/2025\/11\/Martin-Marinucci-en-el-dia-mundial-del-Recuerdo-de-las-Victimas-de-Siniestros-Viales-6-768x512.jpeg 768w, https:\/\/noticiasrec.com\/wp-content\/uploads\/2025\/11\/Martin-Marinucci-en-el-dia-mundial-del-Recuerdo-de-las-Victimas-de-Siniestros-Viales-6.jpeg 1280w\" sizes=\"auto, (max-width: 1024px) 100vw, 1024px\" \/><\/a><\/figure>\n\n\n\n<p>\u201cCada vez que escucho una historia, me llevo cada nombre, cada dolor, me llevo este reconocimiento por parte de familiares de v\u00edctimas por el trabajo que se viene haciendo desde el municipio, que no son indiferentes\u00bb, sostuvo el titular de la cartera de Transporte.<\/p>\n\n\n\n<figure class=\"wp-block-image size-large is-resized\"><a href=\"http:\/\/noticiasrec.com\/wp-content\/uploads\/2025\/11\/Martin-Marinucci-en-el-dia-mundial-del-Recuerdo-de-las-Victimas-de-Siniestros-Viales-1.jpeg\"><img loading=\"lazy\" decoding=\"async\" width=\"1024\" height=\"682\" src=\"http:\/\/noticiasrec.com\/wp-content\/uploads\/2025\/11\/Martin-Marinucci-en-el-dia-mundial-del-Recuerdo-de-las-Victimas-de-Siniestros-Viales-1-1024x682.jpeg\" alt=\"\" class=\"wp-image-18786\" style=\"width:702px;height:auto\" srcset=\"https:\/\/noticiasrec.com\/wp-content\/uploads\/2025\/11\/Martin-Marinucci-en-el-dia-mundial-del-Recuerdo-de-las-Victimas-de-Siniestros-Viales-1-1024x682.jpeg 1024w, https:\/\/noticiasrec.com\/wp-content\/uploads\/2025\/11\/Martin-Marinucci-en-el-dia-mundial-del-Recuerdo-de-las-Victimas-de-Siniestros-Viales-1-300x200.jpeg 300w, https:\/\/noticiasrec.com\/wp-content\/uploads\/2025\/11\/Martin-Marinucci-en-el-dia-mundial-del-Recuerdo-de-las-Victimas-de-Siniestros-Viales-1-768x512.jpeg 768w, https:\/\/noticiasrec.com\/wp-content\/uploads\/2025\/11\/Martin-Marinucci-en-el-dia-mundial-del-Recuerdo-de-las-Victimas-de-Siniestros-Viales-1.jpeg 1280w\" sizes=\"auto, (max-width: 1024px) 100vw, 1024px\" \/><\/a><\/figure>\n\n\n\n<p>Asimismo, Marinucci remarc\u00f3: \u201cLa seguridad vial es transversal con juventud, con ni\u00f1ez, con cada \u00e1rea de gobierno. No es solo seguridad en el transporte. Es la educaci\u00f3n y la concientizaci\u00f3n desde las edades m\u00e1s tempranas. A veces es m\u00e1s necesario dejar la lupa para agarrar el espejo. El dolor no se va a ir, pero ese dolor se transforma en muchas fuerzas para evitar v\u00edctimas a causa de alg\u00fan asesino al volante por imprudencia\u201d.<\/p>\n\n\n\n<p>Por su parte, el intendente Moreira agradeci\u00f3 la visita del Ministro y se\u00f1al\u00f3: \u00abSensibilizaci\u00f3n y concientizaci\u00f3n son dos palabras que resumen un trabajo muy importante y que es necesario iniciar desde lo antes posible para proteger la vida de nuestros vecinos. Desde las escuelas y los clubes, es fundamental la educaci\u00f3n en materia de tr\u00e1nsito\u201d.<\/p>\n\n\n\n<figure class=\"wp-block-image size-large\"><a href=\"http:\/\/noticiasrec.com\/wp-content\/uploads\/2025\/11\/Martin-Marinucci-en-el-dia-mundial-del-Recuerdo-de-las-Victimas-de-Siniestros-Viales-2.jpeg\"><img loading=\"lazy\" decoding=\"async\" width=\"1024\" height=\"674\" src=\"http:\/\/noticiasrec.com\/wp-content\/uploads\/2025\/11\/Martin-Marinucci-en-el-dia-mundial-del-Recuerdo-de-las-Victimas-de-Siniestros-Viales-2-1024x674.jpeg\" alt=\"\" class=\"wp-image-18787\" srcset=\"https:\/\/noticiasrec.com\/wp-content\/uploads\/2025\/11\/Martin-Marinucci-en-el-dia-mundial-del-Recuerdo-de-las-Victimas-de-Siniestros-Viales-2-1024x674.jpeg 1024w, https:\/\/noticiasrec.com\/wp-content\/uploads\/2025\/11\/Martin-Marinucci-en-el-dia-mundial-del-Recuerdo-de-las-Victimas-de-Siniestros-Viales-2-300x197.jpeg 300w, https:\/\/noticiasrec.com\/wp-content\/uploads\/2025\/11\/Martin-Marinucci-en-el-dia-mundial-del-Recuerdo-de-las-Victimas-de-Siniestros-Viales-2-768x505.jpeg 768w, https:\/\/noticiasrec.com\/wp-content\/uploads\/2025\/11\/Martin-Marinucci-en-el-dia-mundial-del-Recuerdo-de-las-Victimas-de-Siniestros-Viales-2.jpeg 1192w\" sizes=\"auto, (max-width: 1024px) 100vw, 1024px\" \/><\/a><\/figure>\n\n\n\n<p>En tanto, Noem\u00ed Cardozo, titular de Malditas Picadas y madre de Mat\u00edas \u00abPato\u00bb Cardozo, v\u00edctima de carreras ilegales, destac\u00f3: \u00abTodo el trayecto que hicimos todos estos a\u00f1os, no hubiese sido posible sin la comunidad. No nos salvamos solos. Nuestros seres queridos tienen que brillar y lo hacen gracias a que nosotros no permitimos que se olviden de ellos\u00bb.<\/p>\n\n\n\n<p>En el marco del operativo de concientizaci\u00f3n y educaci\u00f3n vial, se entregaron cascos a motociclistas que no contaban con este elemento de protecci\u00f3n o que circulaban con cascos vencidos, reforzando el compromiso provincial con la prevenci\u00f3n de siniestros y la reducci\u00f3n de lesiones graves en la v\u00eda p\u00fablica.<\/p>\n\n\n\n<p>Participaron de la jornada el ministro de Obras P\u00fablicas e Infraestructura y senador electo, Gabriel Katopodis; el diputado bonaerense, Rub\u00e9n Eslaiman; el concejal Andr\u00e9s Ceriani; el subsecretario de Seguridad Vial del MTPBA, Eduardo Feijoo; el subsecretario de Transporte Terrestre del MTPBA, Dami\u00e1n Contreras; y los directores provinciales Sibila Botti; Cristian V\u00e1zquez, Jorge Orzali y Dami\u00e1n Gonz\u00e1lez. <\/p>\n","protected":false},"excerpt":{"rendered":"<p>17 de Noviembre 2025 El ministro de Transporte bonaerense, Mart\u00edn Marinucci, junto al intendente de..<\/p>\n","protected":false},"author":2,"featured_media":18786,"comment_status":"open","ping_status":"open","sticky":false,"template":"","format":"standard","meta":{"footnotes":""},"categories":[3,2],"tags":[],"class_list":["post-18783","post","type-post","status-publish","format-standard","has-post-thumbnail","hentry","category-municipios","category-provincia"],"_links":{"self":[{"href":"https:\/\/noticiasrec.com\/index.php?rest_route=\/wp\/v2\/posts\/18783","targetHints":{"allow":["GET"]}}],"collection":[{"href":"https:\/\/noticiasrec.com\/index.php?rest_route=\/wp\/v2\/posts"}],"about":[{"href":"https:\/\/noticiasrec.com\/index.php?rest_route=\/wp\/v2\/types\/post"}],"author":[{"embeddable":true,"href":"https:\/\/noticiasrec.com\/index.php?rest_route=\/wp\/v2\/users\/2"}],"replies":[{"embeddable":true,"href":"https:\/\/noticiasrec.com\/index.php?rest_route=%2Fwp%2Fv2%2Fcomments&post=18783"}],"version-history":[{"count":1,"href":"https:\/\/noticiasrec.com\/index.php?rest_route=\/wp\/v2\/posts\/18783\/revisions"}],"predecessor-version":[{"id":18788,"href":"https:\/\/noticiasrec.com\/index.php?rest_route=\/wp\/v2\/posts\/18783\/revisions\/18788"}],"wp:featuredmedia":[{"embeddable":true,"href":"https:\/\/noticiasrec.com\/index.php?rest_route=\/wp\/v2\/media\/18786"}],"wp:attachment":[{"href":"https:\/\/noticiasrec.com\/index.php?rest_route=%2Fwp%2Fv2%2Fmedia&parent=18783"}],"wp:term":[{"taxonomy":"category","embeddable":true,"href":"https:\/\/noticiasrec.com\/index.php?rest_route=%2Fwp%2Fv2%2Fcategories&post=18783"},{"taxonomy":"post_tag","embeddable":true,"href":"https:\/\/noticiasrec.com\/index.php?rest_route=%2Fwp%2Fv2%2Ftags&post=18783"}],"curies":[{"name":"wp","href":"https:\/\/api.w.org\/{rel}","templated":true}]}}