{"id":18703,"date":"2025-11-06T12:48:10","date_gmt":"2025-11-06T12:48:10","guid":{"rendered":"http:\/\/noticiasrec.com\/?p=18703"},"modified":"2025-11-06T12:48:10","modified_gmt":"2025-11-06T12:48:10","slug":"mario-ishii-designado-vicepresidente-ciudades-del-aprendizaje-en-mexico","status":"publish","type":"post","link":"https:\/\/noticiasrec.com\/?p=18703","title":{"rendered":"Mario Ishii designado vicepresidente Ciudades del Aprendizaje en M\u00e9xico"},"content":{"rendered":"\n<p><strong>06 de Noviembre 2025<\/strong><\/p>\n\n\n\n<p>Mario Ishii designado vicepresidente Ciudades del Aprendizaje. La distinci\u00f3n lleg\u00f3 durante el\u00a0<strong>III Foro de Ciudades del Aprendizaje de Latinoam\u00e9rica<\/strong>, que se desarrolla en\u00a0<strong>La Paz, Baja California Sur, M\u00e9xico<\/strong>.<\/p>\n\n\n\n<p>El intendente Municipal de Jos\u00e9 C. Paz,&nbsp;<strong>Mario Alberto Ishii,&nbsp;<\/strong>fue designado&nbsp;<strong>vicepresidente de Ciudades del Aprendizaje de la UNESCO<\/strong>&nbsp;para Latinoam\u00e9rica, un reconocimiento internacional que destaca la transformaci\u00f3n educativa que viene impulsando en Jos\u00e9 C. Paz. La distinci\u00f3n lleg\u00f3 durante el&nbsp;<strong>II Foro de Ciudades del Aprendizaje de Latinoam\u00e9rica<\/strong>, que se desarrolla en&nbsp;<strong>La Paz, Baja California Sur, M\u00e9xico<\/strong>, y re\u00fane a 56 ciudades de la regi\u00f3n junto a expertos internacionales.<\/p>\n\n\n\n<figure class=\"wp-block-image size-large is-resized\"><a href=\"http:\/\/noticiasrec.com\/wp-content\/uploads\/2025\/11\/ISHII-DESIGNADO-VICEPTE-UNESCO-2-2025.jpg\"><img loading=\"lazy\" decoding=\"async\" width=\"1024\" height=\"576\" src=\"http:\/\/noticiasrec.com\/wp-content\/uploads\/2025\/11\/ISHII-DESIGNADO-VICEPTE-UNESCO-2-2025-1024x576.jpg\" alt=\"\" class=\"wp-image-18704\" style=\"width:774px;height:auto\" srcset=\"https:\/\/noticiasrec.com\/wp-content\/uploads\/2025\/11\/ISHII-DESIGNADO-VICEPTE-UNESCO-2-2025-1024x576.jpg 1024w, https:\/\/noticiasrec.com\/wp-content\/uploads\/2025\/11\/ISHII-DESIGNADO-VICEPTE-UNESCO-2-2025-300x169.jpg 300w, https:\/\/noticiasrec.com\/wp-content\/uploads\/2025\/11\/ISHII-DESIGNADO-VICEPTE-UNESCO-2-2025-768x432.jpg 768w, https:\/\/noticiasrec.com\/wp-content\/uploads\/2025\/11\/ISHII-DESIGNADO-VICEPTE-UNESCO-2-2025.jpg 1280w\" sizes=\"auto, (max-width: 1024px) 100vw, 1024px\" \/><\/a><\/figure>\n\n\n\n<p>Este nuevo rol coloca a Jos\u00e9 C. Paz en el mapa mundial de la educaci\u00f3n inclusiva. Durante su gesti\u00f3n, Ishii construy\u00f3 universidades p\u00fablicas que hoy se llenan de hijos de trabajadores, demostrando que la educaci\u00f3n superior es posible para todos los vecinos. La apuesta por el aprendizaje permanente transform\u00f3 a la ciudad en un modelo de inclusi\u00f3n social y desarrollo sostenible reconocido en Am\u00e9rica, Europa, \u00c1frica y Asia.<\/p>\n\n\n\n<figure class=\"wp-block-image size-large is-resized\"><a href=\"http:\/\/noticiasrec.com\/wp-content\/uploads\/2025\/11\/ISHII-DESIGNADO-VICEPTE-UNESCO-3-2025.jpg\"><img loading=\"lazy\" decoding=\"async\" width=\"1024\" height=\"520\" src=\"http:\/\/noticiasrec.com\/wp-content\/uploads\/2025\/11\/ISHII-DESIGNADO-VICEPTE-UNESCO-3-2025-1024x520.jpg\" alt=\"\" class=\"wp-image-18705\" style=\"width:775px;height:auto\" srcset=\"https:\/\/noticiasrec.com\/wp-content\/uploads\/2025\/11\/ISHII-DESIGNADO-VICEPTE-UNESCO-3-2025-1024x520.jpg 1024w, https:\/\/noticiasrec.com\/wp-content\/uploads\/2025\/11\/ISHII-DESIGNADO-VICEPTE-UNESCO-3-2025-300x152.jpg 300w, https:\/\/noticiasrec.com\/wp-content\/uploads\/2025\/11\/ISHII-DESIGNADO-VICEPTE-UNESCO-3-2025-768x390.jpg 768w, https:\/\/noticiasrec.com\/wp-content\/uploads\/2025\/11\/ISHII-DESIGNADO-VICEPTE-UNESCO-3-2025.jpg 1280w\" sizes=\"auto, (max-width: 1024px) 100vw, 1024px\" \/><\/a><\/figure>\n\n\n\n<p>La Red Mundial de Ciudades del Aprendizaje de la UNESCO nuclea a 353 ciudades de 78 pa\u00edses, beneficiando a 390 millones de habitantes con oportunidades educativas a lo largo de toda la vida. La meta global es garantizar para 2030 el acceso universal al aprendizaje continuo, un objetivo que Jos\u00e9 C. Paz ya viene transitando con pol\u00edticas concretas que ponen a la educaci\u00f3n en el centro de cada acci\u00f3n municipal.<\/p>\n\n\n\n<figure class=\"wp-block-image size-large is-resized\"><a href=\"http:\/\/noticiasrec.com\/wp-content\/uploads\/2025\/11\/ISHII-DESIGNADO-VICEPTE-UNESCO-1-2025.jpg\"><img loading=\"lazy\" decoding=\"async\" width=\"1024\" height=\"683\" src=\"http:\/\/noticiasrec.com\/wp-content\/uploads\/2025\/11\/ISHII-DESIGNADO-VICEPTE-UNESCO-1-2025-1024x683.jpg\" alt=\"\" class=\"wp-image-18706\" style=\"width:770px;height:auto\" srcset=\"https:\/\/noticiasrec.com\/wp-content\/uploads\/2025\/11\/ISHII-DESIGNADO-VICEPTE-UNESCO-1-2025-1024x683.jpg 1024w, https:\/\/noticiasrec.com\/wp-content\/uploads\/2025\/11\/ISHII-DESIGNADO-VICEPTE-UNESCO-1-2025-300x200.jpg 300w, https:\/\/noticiasrec.com\/wp-content\/uploads\/2025\/11\/ISHII-DESIGNADO-VICEPTE-UNESCO-1-2025-768x512.jpg 768w, https:\/\/noticiasrec.com\/wp-content\/uploads\/2025\/11\/ISHII-DESIGNADO-VICEPTE-UNESCO-1-2025.jpg 1280w\" sizes=\"auto, (max-width: 1024px) 100vw, 1024px\" \/><\/a><\/figure>\n\n\n\n<p>En su exposici\u00f3n ante l\u00edderes mundiales, Ishii defendi\u00f3 la educaci\u00f3n p\u00fablica como herramienta de cambio: \u00ab<strong>La ense\u00f1anza cambia a las personas que cambiar\u00e1n al mundo\u00bb<\/strong>. Este nuevo rol internacional se suma al protagonismo que el senador electo de Fuerza Patria alcanz\u00f3 en la 6ta Cumbre Internacional de la UNESCO, realizada en Arabia Saudita en diciembre de 2024, donde present\u00f3 el modelo educativo de Jos\u00e9 C. Paz como ejemplo para el mundo. <\/p>\n\n\n\n<p><\/p>\n","protected":false},"excerpt":{"rendered":"<p>06 de Noviembre 2025 Mario Ishii designado vicepresidente Ciudades del Aprendizaje. La distinci\u00f3n lleg\u00f3 durante..<\/p>\n","protected":false},"author":2,"featured_media":18704,"comment_status":"open","ping_status":"open","sticky":false,"template":"","format":"standard","meta":{"footnotes":""},"categories":[25,10,3],"tags":[],"class_list":["post-18703","post","type-post","status-publish","format-standard","has-post-thumbnail","hentry","category-educacion","category-jose-c-paz","category-municipios"],"_links":{"self":[{"href":"https:\/\/noticiasrec.com\/index.php?rest_route=\/wp\/v2\/posts\/18703","targetHints":{"allow":["GET"]}}],"collection":[{"href":"https:\/\/noticiasrec.com\/index.php?rest_route=\/wp\/v2\/posts"}],"about":[{"href":"https:\/\/noticiasrec.com\/index.php?rest_route=\/wp\/v2\/types\/post"}],"author":[{"embeddable":true,"href":"https:\/\/noticiasrec.com\/index.php?rest_route=\/wp\/v2\/users\/2"}],"replies":[{"embeddable":true,"href":"https:\/\/noticiasrec.com\/index.php?rest_route=%2Fwp%2Fv2%2Fcomments&post=18703"}],"version-history":[{"count":1,"href":"https:\/\/noticiasrec.com\/index.php?rest_route=\/wp\/v2\/posts\/18703\/revisions"}],"predecessor-version":[{"id":18707,"href":"https:\/\/noticiasrec.com\/index.php?rest_route=\/wp\/v2\/posts\/18703\/revisions\/18707"}],"wp:featuredmedia":[{"embeddable":true,"href":"https:\/\/noticiasrec.com\/index.php?rest_route=\/wp\/v2\/media\/18704"}],"wp:attachment":[{"href":"https:\/\/noticiasrec.com\/index.php?rest_route=%2Fwp%2Fv2%2Fmedia&parent=18703"}],"wp:term":[{"taxonomy":"category","embeddable":true,"href":"https:\/\/noticiasrec.com\/index.php?rest_route=%2Fwp%2Fv2%2Fcategories&post=18703"},{"taxonomy":"post_tag","embeddable":true,"href":"https:\/\/noticiasrec.com\/index.php?rest_route=%2Fwp%2Fv2%2Ftags&post=18703"}],"curies":[{"name":"wp","href":"https:\/\/api.w.org\/{rel}","templated":true}]}}