{"id":18686,"date":"2025-11-05T12:06:40","date_gmt":"2025-11-05T12:06:40","guid":{"rendered":"http:\/\/noticiasrec.com\/?p=18686"},"modified":"2025-11-05T12:06:40","modified_gmt":"2025-11-05T12:06:40","slug":"ley-impositiva-la-provincia-baja-la-patente-y-congela-el-inmobiliario","status":"publish","type":"post","link":"https:\/\/noticiasrec.com\/?p=18686","title":{"rendered":"Ley impositiva: la Provincia baja la Patente y congela el Inmobiliario"},"content":{"rendered":"\n<p><strong>05 de Noviembre 2025<\/strong><\/p>\n\n\n\n<p><strong>El titular de ARBA, Cristian Girard, defendi\u00f3 el proyecto de ley impositiva que congela el Impuesto Inmobiliario y reduce la Patente Automotor.<\/strong><\/p>\n\n\n\n<p>El gobierno de la provincia\u00a0de Buenos Aires present\u00f3 en la Legislatura el proyecto de Ley Impositiva 2026, junto con el Presupuesto y la solicitud de endeudamiento.<\/p>\n\n\n\n<p>El titular de la Agencia de Recaudaci\u00f3n Bonaerense (ARBA), Cristian Girard, encabez\u00f3 la exposici\u00f3n ante legisladores acompa\u00f1ado por el ministro de Econom\u00eda, Pablo L\u00f3pez, y las autoridades parlamentarias Ver\u00f3nica Magario y Alexis Guerrera.<\/p>\n\n\n\n<figure class=\"wp-block-image size-full\"><a href=\"http:\/\/noticiasrec.com\/wp-content\/uploads\/2025\/11\/patente.webp\"><img loading=\"lazy\" decoding=\"async\" width=\"1000\" height=\"666\" src=\"http:\/\/noticiasrec.com\/wp-content\/uploads\/2025\/11\/patente.webp\" alt=\"\" class=\"wp-image-18687\" srcset=\"https:\/\/noticiasrec.com\/wp-content\/uploads\/2025\/11\/patente.webp 1000w, https:\/\/noticiasrec.com\/wp-content\/uploads\/2025\/11\/patente-300x200.webp 300w, https:\/\/noticiasrec.com\/wp-content\/uploads\/2025\/11\/patente-768x511.webp 768w\" sizes=\"auto, (max-width: 1000px) 100vw, 1000px\" \/><\/a><\/figure>\n\n\n\n<p>\u201cLa Ley Impositiva es un engranaje m\u00e1s dentro de nuestra concepci\u00f3n sobre el rol del Estado: intervenir para mejorar las condiciones de vida, ampliar derechos y sostener una sociedad m\u00e1s justa y solidaria\u201d, afirm\u00f3 Girard.<\/p>\n\n\n\n<p>El funcionario explic\u00f3 que la norma \u201cprofundiza la progresividad en la recaudaci\u00f3n de impuestos patrimoniales y sostiene una visi\u00f3n pro producci\u00f3n y empleo en Ingresos Brutos\u201d.<\/p>\n\n\n\n<h2 class=\"wp-block-heading\">Congelamiento<\/h2>\n\n\n\n<p>Una de las principales medidas es el congelamiento del Impuesto Inmobiliario, tanto urbano como rural. Girard detall\u00f3 que se mantiene la estructura del tributo sin modificar tablas ni al\u00edcuotas, lo que \u201cimplica una disminuci\u00f3n real de la carga fiscal para el 100% de las partidas\u201d.<\/p>\n\n\n\n<p>En un contexto de fuerte deterioro econ\u00f3mico, el funcionario insisti\u00f3: \u201cNo hay cuotas adicionales ni aumentos en el Inmobiliario. Es un alivio concreto para las familias y el sector rural\u201d.<\/p>\n\n\n\n<h2 class=\"wp-block-heading\"><a href=\"https:\/\/dib.com.ar\/tag\/patente\">Patente<\/a><\/h2>\n\n\n\n<p>Otro de los ejes centrales es la reducci\u00f3n nominal de la Patente Automotor. Seg\u00fan el proyecto, el 75% de los contribuyentes pagar\u00e1 menos que en 2024.<\/p>\n\n\n\n<p>\u201cTres de cada cuatro bonaerenses se ver\u00e1n beneficiados gracias a una reformulaci\u00f3n de las tablas que corrige los saltos de al\u00edcuota derivados de la suba en el precio de los autos\u201d, se\u00f1al\u00f3 el titular de ARBA. La medida busca recomponer la equidad y evitar que la presi\u00f3n fiscal recaiga sobre los sectores medios.<\/p>\n\n\n\n<p>En la Provincia de Buenos Aires, la patente automotor se calcula en cinco tramos seg\u00fan la valuaci\u00f3n fiscal del veh\u00edculo, aplicando una al\u00edcuota progresiva al valor del mismo, con topes de aumento anuales para moderar las subas, y beneficios por pago anticipado; la Ley Impositiva de cada a\u00f1o establece los montos espec\u00edficos y las al\u00edcuotas para cada escala de valuaci\u00f3n. Para 2025, se fijaron diferentes porcentajes seg\u00fan el tramo de valuaci\u00f3n, con al\u00edcuotas m\u00e1s altas para veh\u00edculos de mayor valor.<\/p>\n\n\n\n<p><\/p>\n","protected":false},"excerpt":{"rendered":"<p>05 de Noviembre 2025 El titular de ARBA, Cristian Girard, defendi\u00f3 el proyecto de ley..<\/p>\n","protected":false},"author":2,"featured_media":18687,"comment_status":"open","ping_status":"open","sticky":false,"template":"","format":"standard","meta":{"footnotes":""},"categories":[51,3,2],"tags":[],"class_list":["post-18686","post","type-post","status-publish","format-standard","has-post-thumbnail","hentry","category-economia","category-municipios","category-provincia"],"_links":{"self":[{"href":"https:\/\/noticiasrec.com\/index.php?rest_route=\/wp\/v2\/posts\/18686","targetHints":{"allow":["GET"]}}],"collection":[{"href":"https:\/\/noticiasrec.com\/index.php?rest_route=\/wp\/v2\/posts"}],"about":[{"href":"https:\/\/noticiasrec.com\/index.php?rest_route=\/wp\/v2\/types\/post"}],"author":[{"embeddable":true,"href":"https:\/\/noticiasrec.com\/index.php?rest_route=\/wp\/v2\/users\/2"}],"replies":[{"embeddable":true,"href":"https:\/\/noticiasrec.com\/index.php?rest_route=%2Fwp%2Fv2%2Fcomments&post=18686"}],"version-history":[{"count":1,"href":"https:\/\/noticiasrec.com\/index.php?rest_route=\/wp\/v2\/posts\/18686\/revisions"}],"predecessor-version":[{"id":18688,"href":"https:\/\/noticiasrec.com\/index.php?rest_route=\/wp\/v2\/posts\/18686\/revisions\/18688"}],"wp:featuredmedia":[{"embeddable":true,"href":"https:\/\/noticiasrec.com\/index.php?rest_route=\/wp\/v2\/media\/18687"}],"wp:attachment":[{"href":"https:\/\/noticiasrec.com\/index.php?rest_route=%2Fwp%2Fv2%2Fmedia&parent=18686"}],"wp:term":[{"taxonomy":"category","embeddable":true,"href":"https:\/\/noticiasrec.com\/index.php?rest_route=%2Fwp%2Fv2%2Fcategories&post=18686"},{"taxonomy":"post_tag","embeddable":true,"href":"https:\/\/noticiasrec.com\/index.php?rest_route=%2Fwp%2Fv2%2Ftags&post=18686"}],"curies":[{"name":"wp","href":"https:\/\/api.w.org\/{rel}","templated":true}]}}