{"id":18649,"date":"2025-10-31T15:34:39","date_gmt":"2025-10-31T15:34:39","guid":{"rendered":"http:\/\/noticiasrec.com\/?p=18649"},"modified":"2025-10-31T15:34:39","modified_gmt":"2025-10-31T15:34:39","slug":"alumnos-de-la-e-e-s-t-n3-obtuvieron-el-1-lugar-en-las-olimpiadas-nacionales-de-electricidad","status":"publish","type":"post","link":"https:\/\/noticiasrec.com\/?p=18649","title":{"rendered":"Alumnos de la E.E.S.T. N\u00b03 obtuvieron el 1\u00b0 lugar en las Olimp\u00edadas Nacionales de Electricidad"},"content":{"rendered":"\n<p><strong>31 de Octubre 2025<\/strong><\/p>\n\n\n\n<p>Una vez m\u00e1s los alumnos de escuelas p\u00fablicas del distrito pace\u00f1o se destacaron a nivel nacional.<\/p>\n\n\n\n<p>Los alumnos de 7\u00b02\u00b0 de Electricidad de la E.E.S.T n\u00b03 de Jos\u00e9 C paz lograron el primer lugar en las Olimpiadas Nacionales de Electricidad realizadas en el INET.<\/p>\n\n\n\n<figure class=\"wp-block-image size-full\"><a href=\"http:\/\/noticiasrec.com\/wp-content\/uploads\/2025\/10\/571151655_1139707041682242_3584445525157223903_n.jpg\"><img loading=\"lazy\" decoding=\"async\" width=\"590\" height=\"443\" src=\"http:\/\/noticiasrec.com\/wp-content\/uploads\/2025\/10\/571151655_1139707041682242_3584445525157223903_n.jpg\" alt=\"\" class=\"wp-image-18650\" srcset=\"https:\/\/noticiasrec.com\/wp-content\/uploads\/2025\/10\/571151655_1139707041682242_3584445525157223903_n.jpg 590w, https:\/\/noticiasrec.com\/wp-content\/uploads\/2025\/10\/571151655_1139707041682242_3584445525157223903_n-300x225.jpg 300w\" sizes=\"auto, (max-width: 590px) 100vw, 590px\" \/><\/a><\/figure>\n\n\n\n<p>Dicha escuela represent\u00f3 a la regi\u00f3n n\u00b0 9 y a la Provincia de Buenos Aires, acompa\u00f1ados por el docente Jorge Gim\u00e9nez.<\/p>\n\n\n\n<p>Desde la gesti\u00f3n del Intendente Mario Ishii se apoyan estas pr\u00e1cticas que promueven la competencia sana y el aprendizaje continuo para los estudiantes. <\/p>\n","protected":false},"excerpt":{"rendered":"<p>31 de Octubre 2025 Una vez m\u00e1s los alumnos de escuelas p\u00fablicas del distrito pace\u00f1o..<\/p>\n","protected":false},"author":2,"featured_media":18650,"comment_status":"open","ping_status":"open","sticky":false,"template":"","format":"standard","meta":{"footnotes":""},"categories":[25,10,3],"tags":[],"class_list":["post-18649","post","type-post","status-publish","format-standard","has-post-thumbnail","hentry","category-educacion","category-jose-c-paz","category-municipios"],"_links":{"self":[{"href":"https:\/\/noticiasrec.com\/index.php?rest_route=\/wp\/v2\/posts\/18649","targetHints":{"allow":["GET"]}}],"collection":[{"href":"https:\/\/noticiasrec.com\/index.php?rest_route=\/wp\/v2\/posts"}],"about":[{"href":"https:\/\/noticiasrec.com\/index.php?rest_route=\/wp\/v2\/types\/post"}],"author":[{"embeddable":true,"href":"https:\/\/noticiasrec.com\/index.php?rest_route=\/wp\/v2\/users\/2"}],"replies":[{"embeddable":true,"href":"https:\/\/noticiasrec.com\/index.php?rest_route=%2Fwp%2Fv2%2Fcomments&post=18649"}],"version-history":[{"count":1,"href":"https:\/\/noticiasrec.com\/index.php?rest_route=\/wp\/v2\/posts\/18649\/revisions"}],"predecessor-version":[{"id":18651,"href":"https:\/\/noticiasrec.com\/index.php?rest_route=\/wp\/v2\/posts\/18649\/revisions\/18651"}],"wp:featuredmedia":[{"embeddable":true,"href":"https:\/\/noticiasrec.com\/index.php?rest_route=\/wp\/v2\/media\/18650"}],"wp:attachment":[{"href":"https:\/\/noticiasrec.com\/index.php?rest_route=%2Fwp%2Fv2%2Fmedia&parent=18649"}],"wp:term":[{"taxonomy":"category","embeddable":true,"href":"https:\/\/noticiasrec.com\/index.php?rest_route=%2Fwp%2Fv2%2Fcategories&post=18649"},{"taxonomy":"post_tag","embeddable":true,"href":"https:\/\/noticiasrec.com\/index.php?rest_route=%2Fwp%2Fv2%2Ftags&post=18649"}],"curies":[{"name":"wp","href":"https:\/\/api.w.org\/{rel}","templated":true}]}}