{"id":18618,"date":"2025-10-28T19:58:16","date_gmt":"2025-10-28T19:58:16","guid":{"rendered":"http:\/\/noticiasrec.com\/?p=18618"},"modified":"2025-10-28T19:58:16","modified_gmt":"2025-10-28T19:58:16","slug":"brutal-agresion-y-abuso-de-autoridad-contra-el-periodista-daro-navarro-en-jose-c-paz","status":"publish","type":"post","link":"https:\/\/noticiasrec.com\/?p=18618","title":{"rendered":"Brutal agresi\u00f3n y abuso de autoridad contra el periodista Daro Navarro en Jos\u00e9 C. Paz"},"content":{"rendered":"\n<p><strong>28 de Octubre 2025<\/strong><\/p>\n\n\n\n<p>Desde nuestro medio <strong>Noticias Rec<\/strong> expresamos nuestro en\u00e9rgico repudio ante el episodio de violencia y abuso de autoridad sufrido por el periodista <strong>Daro Navarro<\/strong>, director del portal <strong>Dar Info<\/strong> y del streaming <strong>R\u00fastico<\/strong>, durante un hecho ocurrido el jueves pasado en el distrito de Jos\u00e9 C. Paz.<\/p>\n\n\n\n<p>La causa se encuentra radicada en la<strong> UFI N.\u00ba 21 <\/strong>de <strong>Malvinas Argentinas<\/strong>, a cargo de la fiscal <strong>Marisa Marino<\/strong>, caratulada como <strong>\u201cLesiones y Amenazas\u201d<\/strong>.<\/p>\n\n\n\n<figure class=\"wp-block-image size-large is-resized\"><a href=\"http:\/\/noticiasrec.com\/wp-content\/uploads\/2025\/10\/Copia-de-Copia-de-Pilar-3.png\"><img loading=\"lazy\" decoding=\"async\" width=\"1024\" height=\"1024\" src=\"http:\/\/noticiasrec.com\/wp-content\/uploads\/2025\/10\/Copia-de-Copia-de-Pilar-3-1024x1024.png\" alt=\"\" class=\"wp-image-18621\" style=\"width:634px;height:auto\" srcset=\"https:\/\/noticiasrec.com\/wp-content\/uploads\/2025\/10\/Copia-de-Copia-de-Pilar-3-1024x1024.png 1024w, https:\/\/noticiasrec.com\/wp-content\/uploads\/2025\/10\/Copia-de-Copia-de-Pilar-3-300x300.png 300w, https:\/\/noticiasrec.com\/wp-content\/uploads\/2025\/10\/Copia-de-Copia-de-Pilar-3-150x150.png 150w, https:\/\/noticiasrec.com\/wp-content\/uploads\/2025\/10\/Copia-de-Copia-de-Pilar-3-768x768.png 768w, https:\/\/noticiasrec.com\/wp-content\/uploads\/2025\/10\/Copia-de-Copia-de-Pilar-3-70x70.png 70w, https:\/\/noticiasrec.com\/wp-content\/uploads\/2025\/10\/Copia-de-Copia-de-Pilar-3.png 1080w\" sizes=\"auto, (max-width: 1024px) 100vw, 1024px\" \/><\/a><\/figure>\n\n\n\n<p>En la denuncia presentada y su posterior ampliaci\u00f3n, el episodio tuvo lugar luego de que Navarro intentara mantener una comunicaci\u00f3n period\u00edstica con el director de Tr\u00e1nsito municipal, <strong>Julio Flores<\/strong>, para coordinar una nota sobre el ordenamiento vial y la falta de se\u00f1alizaci\u00f3n en distintas calles del distrito.<\/p>\n\n\n\n<p>Tras la conversaci\u00f3n, y luego de unas horas, inspectores de tr\u00e1nsito \u2014enviados, seg\u00fan testigos, por el propio funcionario\u2014 se presentaron junto a su veh\u00edculo particular para labrarle un acta de infracci\u00f3n en una zona donde habitualmente estacionan otros autom\u00f3viles sobre cord\u00f3n amarillo.<\/p>\n\n\n\n<p>Durante el intercambio, el periodista fue objeto de hostigamiento, retenci\u00f3n de su licencia de conducir sin justificaci\u00f3n y un operativo irregular que deriv\u00f3 en la llegada de una gr\u00faa y de m\u00e1s <strong>personal de tr\u00e1nsito.<\/strong><\/p>\n\n\n\n<p>Minutos despu\u00e9s, y mientras <strong>Navarro <\/strong>reclamaba que se le devolviera su documentaci\u00f3n, lleg\u00f3 al lugar el director <strong>Julio Flores<\/strong>.<\/p>\n\n\n\n<p>\u00abFlores me insulta y enrosca su brazo sobre mi cuello e intenta tirarme al suelo, no puede. Trato de empezar a grabar con mi tel\u00e9fono mientras me ahorcaba, logra tirarme al suelo, se me viene un inspector y el que manejaba la gr\u00faa que al principio estaba de acuerdo con mi reclamo. Siento que alguien me pega dos pi\u00f1as en la panza, y una de las inspectoras femeninas quiere sacarme el celular para que no grabe. Minutos despu\u00e9s logro levantarme y Flores se marcha con la inspectora\u00bb, afirma Navarro en su denuncia en la Justicia.<\/p>\n\n\n\n<p>Todo ocurri\u00f3 a la vista de transe\u00fantes, inspectores y personal de un instituto educativo cercano, que incluso documentaron las lesiones sufridas por el periodista.<\/p>\n\n\n\n<p>Este hecho reviste particular gravedad institucional, ya que involucra a un funcionario p\u00fablico en un claro acto de abuso de autoridad, violencia f\u00edsica y amenazas contra un trabajador de prensa, en el ejercicio leg\u00edtimo de su labor informativa.<\/p>\n\n\n\n<p>Desde nuestro medio manifestamos nuestra solidaridad con el colega <strong>Daro Navarro<\/strong> y exigimos que la Justicia act\u00fae con celeridad y firmeza para garantizar su integridad, esclarecer los hechos y sancionar a los responsables.<\/p>\n\n\n\n<p>Asimismo, instamos a las <strong>autoridades<\/strong> del<strong> Municipio de Jos\u00e9 C. Paz<\/strong> a pronunciarse p\u00fablicamente y adoptar las medidas correspondientes frente a un comportamiento que atenta contra la libertad de expresi\u00f3n, el derecho a informar y los valores democr\u00e1ticos.<\/p>\n\n\n\n<p>La violencia, la censura y el amedrentamiento no pueden tener lugar en una sociedad que se precie de democr\u00e1tica.<\/p>\n\n\n\n<p>El ejercicio del periodismo no debe ser objeto de amenazas ni agresiones por parte de quienes est\u00e1n obligados a rendir cuentas ante la ciudadan\u00eda.<\/p>\n","protected":false},"excerpt":{"rendered":"<p>28 de Octubre 2025 Desde nuestro medio Noticias Rec expresamos nuestro en\u00e9rgico repudio ante el..<\/p>\n","protected":false},"author":2,"featured_media":18621,"comment_status":"open","ping_status":"open","sticky":false,"template":"","format":"standard","meta":{"footnotes":""},"categories":[10,3,18],"tags":[],"class_list":["post-18618","post","type-post","status-publish","format-standard","has-post-thumbnail","hentry","category-jose-c-paz","category-municipios","category-policiales"],"_links":{"self":[{"href":"https:\/\/noticiasrec.com\/index.php?rest_route=\/wp\/v2\/posts\/18618","targetHints":{"allow":["GET"]}}],"collection":[{"href":"https:\/\/noticiasrec.com\/index.php?rest_route=\/wp\/v2\/posts"}],"about":[{"href":"https:\/\/noticiasrec.com\/index.php?rest_route=\/wp\/v2\/types\/post"}],"author":[{"embeddable":true,"href":"https:\/\/noticiasrec.com\/index.php?rest_route=\/wp\/v2\/users\/2"}],"replies":[{"embeddable":true,"href":"https:\/\/noticiasrec.com\/index.php?rest_route=%2Fwp%2Fv2%2Fcomments&post=18618"}],"version-history":[{"count":1,"href":"https:\/\/noticiasrec.com\/index.php?rest_route=\/wp\/v2\/posts\/18618\/revisions"}],"predecessor-version":[{"id":18622,"href":"https:\/\/noticiasrec.com\/index.php?rest_route=\/wp\/v2\/posts\/18618\/revisions\/18622"}],"wp:featuredmedia":[{"embeddable":true,"href":"https:\/\/noticiasrec.com\/index.php?rest_route=\/wp\/v2\/media\/18621"}],"wp:attachment":[{"href":"https:\/\/noticiasrec.com\/index.php?rest_route=%2Fwp%2Fv2%2Fmedia&parent=18618"}],"wp:term":[{"taxonomy":"category","embeddable":true,"href":"https:\/\/noticiasrec.com\/index.php?rest_route=%2Fwp%2Fv2%2Fcategories&post=18618"},{"taxonomy":"post_tag","embeddable":true,"href":"https:\/\/noticiasrec.com\/index.php?rest_route=%2Fwp%2Fv2%2Ftags&post=18618"}],"curies":[{"name":"wp","href":"https:\/\/api.w.org\/{rel}","templated":true}]}}