{"id":18599,"date":"2025-10-24T15:04:20","date_gmt":"2025-10-24T15:04:20","guid":{"rendered":"http:\/\/noticiasrec.com\/?p=18599"},"modified":"2025-10-24T15:04:20","modified_gmt":"2025-10-24T15:04:20","slug":"transporte-publico-gratuito-en-la-provincia-para-las-elecciones-del-domingo","status":"publish","type":"post","link":"https:\/\/noticiasrec.com\/?p=18599","title":{"rendered":"Transporte p\u00fablico gratuito en la provincia para las elecciones del domingo"},"content":{"rendered":"\n<p><strong>24 de octubre 2025<\/strong><\/p>\n\n\n\n<p><em><strong>El Ministerio de Transporte, al mando de Mart\u00edn Marinucci, informa que se ha dispuesto la gratuidad del servicio p\u00fablico de transporte automotor y fluvial de pasajeros para el 26 de octubre.<\/strong><\/em><\/p>\n\n\n\n<p>El Ministerio de Transporte de la Provincia de Buenos Aires informa que, mediante la Resoluci\u00f3n RESO-2025-231-GDEBA-MTRAGP y tal cual ocurri\u00f3 en los comicios provinciales del pasado 7 de septiembre, se ha dispuesto la gratuidad del servicio p\u00fablico de transporte automotor y fluvial de pasajeros para las elecciones de cargos p\u00fablicos nacionales del d\u00eda 26 de octubre de 2025.<\/p>\n\n\n\n<figure class=\"wp-block-image size-large\"><a href=\"http:\/\/noticiasrec.com\/wp-content\/uploads\/2025\/10\/colectivo_de_la_linea_203.png\"><img loading=\"lazy\" decoding=\"async\" width=\"1024\" height=\"576\" src=\"http:\/\/noticiasrec.com\/wp-content\/uploads\/2025\/10\/colectivo_de_la_linea_203-1024x576.png\" alt=\"\" class=\"wp-image-18600\" srcset=\"https:\/\/noticiasrec.com\/wp-content\/uploads\/2025\/10\/colectivo_de_la_linea_203-1024x576.png 1024w, https:\/\/noticiasrec.com\/wp-content\/uploads\/2025\/10\/colectivo_de_la_linea_203-300x169.png 300w, https:\/\/noticiasrec.com\/wp-content\/uploads\/2025\/10\/colectivo_de_la_linea_203-768x432.png 768w, https:\/\/noticiasrec.com\/wp-content\/uploads\/2025\/10\/colectivo_de_la_linea_203.png 1366w\" sizes=\"auto, (max-width: 1024px) 100vw, 1024px\" \/><\/a><\/figure>\n\n\n\n<p>La medida abarca a los servicios regulares de transporte p\u00fablico automotor de pasajeros, de car\u00e1cter urbano e interurbano de media distancia, aleda\u00f1os a la Ciudad Aut\u00f3noma de Buenos Aires (C.A.B.A.) e interurbanos de larga distancia, de jurisdicci\u00f3n provincial; y a los servicios regulares urbanos, interurbanos de media y larga distancia, as\u00ed como el transporte fluvial del Delta del Paran\u00e1, garantizando el acceso de todos los bonaerenses a sus lugares de votaci\u00f3n.<\/p>\n\n\n\n<p>Cabe mencionar que las l\u00edneas alcanzadas por esta resoluci\u00f3n son las provinciales, que van de la 200 a la 499. En tanto, las l\u00edneas municipales que van del 500 en adelante, deber\u00e1n adherir a la medida. Mientras que las l\u00edneas de colectivos que van de la 1 a la 199 est\u00e1n bajo la \u00f3rbita del Gobierno nacional.<\/p>\n\n\n\n<p>Al respecto, el ministro de Transporte, Mart\u00edn Marinucci, expres\u00f3: \u201cEl servicio gratuito en las jornadas electorales es una herramienta fundamental para asegurar la participaci\u00f3n democr\u00e1tica y la igualdad de oportunidades. Nuestra responsabilidad es garantizar que ning\u00fan ciudadano o ciudadana vea limitado su derecho al voto por no poder acceder al transporte\u201d.<\/p>\n\n\n\n<p>Asimismo, destac\u00f3: \u201cEl transporte p\u00fablico no solo es un medio de movilidad, sino tambi\u00e9n un instrumento de integraci\u00f3n y de fortalecimiento institucional. Por eso, hemos dispuesto que las empresas refuercen sus frecuencias para que todos puedan viajar de manera \u00e1gil y segura\u201d.<\/p>\n\n\n\n<p>Finalmente, el Ministerio invit\u00f3 a los municipios de la Provincia a adherir a esta medida, reafirmando el compromiso de la gesti\u00f3n con el acceso universal al sufragio y el fortalecimiento de la democracia. <\/p>\n","protected":false},"excerpt":{"rendered":"<p>24 de octubre 2025 El Ministerio de Transporte, al mando de Mart\u00edn Marinucci, informa que..<\/p>\n","protected":false},"author":2,"featured_media":18600,"comment_status":"open","ping_status":"open","sticky":false,"template":"","format":"standard","meta":{"footnotes":""},"categories":[3,4,2,5],"tags":[],"class_list":["post-18599","post","type-post","status-publish","format-standard","has-post-thumbnail","hentry","category-municipios","category-politica","category-provincia","category-sociedad"],"_links":{"self":[{"href":"https:\/\/noticiasrec.com\/index.php?rest_route=\/wp\/v2\/posts\/18599","targetHints":{"allow":["GET"]}}],"collection":[{"href":"https:\/\/noticiasrec.com\/index.php?rest_route=\/wp\/v2\/posts"}],"about":[{"href":"https:\/\/noticiasrec.com\/index.php?rest_route=\/wp\/v2\/types\/post"}],"author":[{"embeddable":true,"href":"https:\/\/noticiasrec.com\/index.php?rest_route=\/wp\/v2\/users\/2"}],"replies":[{"embeddable":true,"href":"https:\/\/noticiasrec.com\/index.php?rest_route=%2Fwp%2Fv2%2Fcomments&post=18599"}],"version-history":[{"count":1,"href":"https:\/\/noticiasrec.com\/index.php?rest_route=\/wp\/v2\/posts\/18599\/revisions"}],"predecessor-version":[{"id":18601,"href":"https:\/\/noticiasrec.com\/index.php?rest_route=\/wp\/v2\/posts\/18599\/revisions\/18601"}],"wp:featuredmedia":[{"embeddable":true,"href":"https:\/\/noticiasrec.com\/index.php?rest_route=\/wp\/v2\/media\/18600"}],"wp:attachment":[{"href":"https:\/\/noticiasrec.com\/index.php?rest_route=%2Fwp%2Fv2%2Fmedia&parent=18599"}],"wp:term":[{"taxonomy":"category","embeddable":true,"href":"https:\/\/noticiasrec.com\/index.php?rest_route=%2Fwp%2Fv2%2Fcategories&post=18599"},{"taxonomy":"post_tag","embeddable":true,"href":"https:\/\/noticiasrec.com\/index.php?rest_route=%2Fwp%2Fv2%2Ftags&post=18599"}],"curies":[{"name":"wp","href":"https:\/\/api.w.org\/{rel}","templated":true}]}}