{"id":18550,"date":"2025-10-16T12:11:54","date_gmt":"2025-10-16T12:11:54","guid":{"rendered":"http:\/\/noticiasrec.com\/?p=18550"},"modified":"2025-10-16T12:11:54","modified_gmt":"2025-10-16T12:11:54","slug":"kicillof-desde-que-llego-milei-son-cada-vez-menos-las-personas-que-pueden-atenderse-en-el-sector-privado","status":"publish","type":"post","link":"https:\/\/noticiasrec.com\/?p=18550","title":{"rendered":"Kicillof: \u00abDesde que lleg\u00f3 Milei son cada vez menos las personas que pueden atenderse en el sector privado\u201d"},"content":{"rendered":"\n<p><strong>16 de octubre 2025<\/strong><\/p>\n\n\n\n<p><strong>El gobernador visit\u00f3 la sala de mamograf\u00eda del Hospital Petrona V. de Cordero, en San Fernando. Fue en el marco del mes de concientizaci\u00f3n sobre el c\u00e1ncer de mama, expusieron las l\u00edneas de trabajo que promueve la Provincia para la prevenci\u00f3n de esta enfermedad.<\/strong><\/p>\n\n\n\n<p>xel Kicillof recorri\u00f3 junto al ministro de Salud, Nicol\u00e1s Kreplak, y el intendente de San Fernando, Juan Andreotti, la sala de mamograf\u00eda y en ese marco, destac\u00f3 que \u201ca partir de la recomendaci\u00f3n que surgi\u00f3 de estudios cient\u00edficos muy serios, la provincia de Buenos Aires ha ampliado el rango etario para los controles vinculados al c\u00e1ncer de mama, que es una de las causas m\u00e1s relevantes en la muerte de mujeres\u201d.<\/p>\n\n\n\n<p>\u201cNo fue una decisi\u00f3n que hayamos tomado en el vac\u00edo, sino el resultado de un trabajo de inversi\u00f3n que llevamos adelante desde el primer d\u00eda para ampliar las capacidades de nuestro sistema de salud\u201d, a\u00f1adi\u00f3.<\/p>\n\n\n\n<figure class=\"wp-block-image size-full is-resized\"><a href=\"http:\/\/noticiasrec.com\/wp-content\/uploads\/2025\/10\/20251015191513_axel-kicillof-143.jpg\"><img loading=\"lazy\" decoding=\"async\" width=\"880\" height=\"506\" src=\"http:\/\/noticiasrec.com\/wp-content\/uploads\/2025\/10\/20251015191513_axel-kicillof-143.jpg\" alt=\"\" class=\"wp-image-18551\" style=\"width:660px;height:auto\" srcset=\"https:\/\/noticiasrec.com\/wp-content\/uploads\/2025\/10\/20251015191513_axel-kicillof-143.jpg 880w, https:\/\/noticiasrec.com\/wp-content\/uploads\/2025\/10\/20251015191513_axel-kicillof-143-300x173.jpg 300w, https:\/\/noticiasrec.com\/wp-content\/uploads\/2025\/10\/20251015191513_axel-kicillof-143-768x442.jpg 768w\" sizes=\"auto, (max-width: 880px) 100vw, 880px\" \/><\/a><\/figure>\n\n\n\n<p>En ese sentido, durante la jornada se expusieron los avances en pol\u00edticas p\u00fablicas destinadas a la prevenci\u00f3n de la enfermedad. Entre ellas, se destac\u00f3 la ampliaci\u00f3n de la edad para realizar controles mamogr\u00e1ficos a mujeres sin antecedentes personales o familiares de c\u00e1ncer de mama: los mismos comienzan a realizarse desde los 40 a\u00f1os -10 a\u00f1os antes de lo que se ven\u00eda practicando- y hasta los 75 a\u00f1os.<\/p>\n\n\n\n<p>Por su parte, Kreplak afirm\u00f3: \u201cEl c\u00e1ncer de mama es la principal causa de c\u00e1ncer en las mujeres de la Provincia y del pa\u00eds, por eso desde que iniciamos la gesti\u00f3n dise\u00f1amos un plan de trabajo para contar con m\u00e1s inversi\u00f3n y una mayor capacidad de diagn\u00f3stico precoz\u201d. \u201cGracias a la compra de nuevo equipamiento y el fortalecimiento del sistema de salud bonaerense, podemos aumentar la poblaci\u00f3n destinada a los estudios correspondientes: esto no es otra cosa que generar una mejor expectativa de vida\u201d, a\u00f1adi\u00f3.<\/p>\n\n\n\n<p>\u201cEstamos teniendo un incremento enorme de las prestaciones de salud p\u00fablica porque desde que lleg\u00f3 Javier Milei son cada vez menos las personas que pueden atenderse en el sector privado\u201d, sostuvo el Gobernador y agreg\u00f3: \u201cA\u00fan cuando nos quiten ilegalmente los recursos que nos corresponden, nosotros tenemos una predisposici\u00f3n permanente para dar respuestas: en la Provincia es el Estado presente el que brinda atenci\u00f3n y cuidados para prevenir enfermedades\u201d.<\/p>\n\n\n\n<p>La sala de mamograf\u00eda del Hospital Petrona V. de Cordero cuenta con uno de los 22 nuevos mam\u00f3grafos entregados por el Gobierno provincial desde 2019. En tanto, durante la semana actual el hospital llevar\u00e1 adelante distintas actividades de concientizaci\u00f3n, consultas m\u00e9dicas y una \u201cMarat\u00f3n de Mamograf\u00edas\u201d gratuitas sin turno previo.<\/p>\n\n\n\n<p>Al respecto, el intendente Andreotti remarc\u00f3: \u201cEstamos muy agradecidos porque, en un contexto tan adverso para el pa\u00eds, en el que el Gobierno nacional no destina recursos para el bienestar de nuestros vecinos, contamos con una Provincia que sigue invirtiendo para fortalecer el sistema p\u00fablico de salud\u201d. \u201cAqu\u00ed las obras no se han detenido: estamos avanzando con el \u00faltimo tramo de los trabajos en la terapia pedi\u00e1trica, que va a transformar la atenci\u00f3n y los cuidados en San Fernando\u201d, indic\u00f3.<\/p>\n\n\n\n<p>Por \u00faltimo, Kicillof resalt\u00f3: \u201cEs muy grave que el Gobierno nacional ataque al Instituto Nacional del C\u00e1ncer y deje de distribuir vacunas y medicamentos: Javier Milei puede tener los amigos que quiera, pero sus obligaciones y sus responsabilidades son con el pueblo argentino\u201d. <\/p>\n","protected":false},"excerpt":{"rendered":"<p>16 de octubre 2025 El gobernador visit\u00f3 la sala de mamograf\u00eda del Hospital Petrona V&#8230;<\/p>\n","protected":false},"author":2,"featured_media":18551,"comment_status":"open","ping_status":"open","sticky":false,"template":"","format":"standard","meta":{"footnotes":""},"categories":[3,2,19,72,1397],"tags":[],"class_list":["post-18550","post","type-post","status-publish","format-standard","has-post-thumbnail","hentry","category-municipios","category-provincia","category-salud","category-san-fernando","category-san-fernando-municipios"],"_links":{"self":[{"href":"https:\/\/noticiasrec.com\/index.php?rest_route=\/wp\/v2\/posts\/18550","targetHints":{"allow":["GET"]}}],"collection":[{"href":"https:\/\/noticiasrec.com\/index.php?rest_route=\/wp\/v2\/posts"}],"about":[{"href":"https:\/\/noticiasrec.com\/index.php?rest_route=\/wp\/v2\/types\/post"}],"author":[{"embeddable":true,"href":"https:\/\/noticiasrec.com\/index.php?rest_route=\/wp\/v2\/users\/2"}],"replies":[{"embeddable":true,"href":"https:\/\/noticiasrec.com\/index.php?rest_route=%2Fwp%2Fv2%2Fcomments&post=18550"}],"version-history":[{"count":1,"href":"https:\/\/noticiasrec.com\/index.php?rest_route=\/wp\/v2\/posts\/18550\/revisions"}],"predecessor-version":[{"id":18552,"href":"https:\/\/noticiasrec.com\/index.php?rest_route=\/wp\/v2\/posts\/18550\/revisions\/18552"}],"wp:featuredmedia":[{"embeddable":true,"href":"https:\/\/noticiasrec.com\/index.php?rest_route=\/wp\/v2\/media\/18551"}],"wp:attachment":[{"href":"https:\/\/noticiasrec.com\/index.php?rest_route=%2Fwp%2Fv2%2Fmedia&parent=18550"}],"wp:term":[{"taxonomy":"category","embeddable":true,"href":"https:\/\/noticiasrec.com\/index.php?rest_route=%2Fwp%2Fv2%2Fcategories&post=18550"},{"taxonomy":"post_tag","embeddable":true,"href":"https:\/\/noticiasrec.com\/index.php?rest_route=%2Fwp%2Fv2%2Ftags&post=18550"}],"curies":[{"name":"wp","href":"https:\/\/api.w.org\/{rel}","templated":true}]}}