{"id":18538,"date":"2025-10-15T13:35:20","date_gmt":"2025-10-15T13:35:20","guid":{"rendered":"http:\/\/noticiasrec.com\/?p=18538"},"modified":"2025-10-15T13:35:20","modified_gmt":"2025-10-15T13:35:20","slug":"san-fernando-nuevamente-presenta-una-de-las-delegaciones-mas-grandes-en-los-juegos-bonaerenses-2025","status":"publish","type":"post","link":"https:\/\/noticiasrec.com\/?p=18538","title":{"rendered":"San Fernando nuevamente presenta una de las delegaciones m\u00e1s grandes en los Juegos Bonaerenses 2025"},"content":{"rendered":"\n<p><strong>15 de Octubre 2025<\/strong><\/p>\n\n\n\n<p><strong>350 vecinos sanfernandinos, j\u00f3venes, adultos, adultos mayores y personas con discapacidad representar\u00e1n al distrito en las disciplinas de Deporte y Cultura de los tradicionales juegos provinciales, donde cada a\u00f1o la ciudad logra destacarse.<\/strong><\/p>\n\n\n\n<p>San Fernando despidi\u00f3 desde la Plaza del Bicentenario a una gran comisi\u00f3n de integrantes que viaj\u00f3 a las finales de los Juegos Bonaerenses que se llevan a cabo en la ciudad de Mar del Plata hasta el s\u00e1bado 18 de octubre, donde distintos representantes de Buenos Aires compiten en 100 disciplinas de diferentes categor\u00edas.<\/p>\n\n\n\n<figure class=\"wp-block-image size-full is-resized\"><a href=\"http:\/\/noticiasrec.com\/wp-content\/uploads\/2025\/10\/68ed4c3da894f_800_450.webp\"><img loading=\"lazy\" decoding=\"async\" width=\"800\" height=\"450\" src=\"http:\/\/noticiasrec.com\/wp-content\/uploads\/2025\/10\/68ed4c3da894f_800_450.webp\" alt=\"\" class=\"wp-image-18539\" style=\"width:720px;height:auto\" srcset=\"https:\/\/noticiasrec.com\/wp-content\/uploads\/2025\/10\/68ed4c3da894f_800_450.webp 800w, https:\/\/noticiasrec.com\/wp-content\/uploads\/2025\/10\/68ed4c3da894f_800_450-300x169.webp 300w, https:\/\/noticiasrec.com\/wp-content\/uploads\/2025\/10\/68ed4c3da894f_800_450-768x432.webp 768w\" sizes=\"auto, (max-width: 800px) 100vw, 800px\" \/><\/a><\/figure>\n\n\n\n<p>El Secretario de Deporte Carlos Traverso estuvo presente para saludar a los vecinos y expres\u00f3 su apoyo: \u00abMuy contentos de despedir hoy a m\u00e1s de 350 personas, deportistas y artistas que nos van a representar en este torneo tan importante para la Provincia de Buenos Aires\u00bb.<\/p>\n\n\n\n<p>Tambi\u00e9n particip\u00f3 el Director Gral. de Cultura y Turismo, Rodney Rodr\u00edguez N\u00fa\u00f1ez, quien destac\u00f3: \u00abEs una alegr\u00eda enorme que un mont\u00f3n de chicos y chicas acompa\u00f1en representando a San Fernando con este orgullo sanfernandino la final provincial en Mar del Plata\u00bb, y a\u00f1adi\u00f3: \u00abEs un espacio de competencia, pero tambi\u00e9n de encuentro donde comparten saberes y es muy bueno que como Estado podamos acompa\u00f1ar estas propuestas\u00bb.<\/p>\n\n\n\n<p>Y agreg\u00f3: \u00abLo ideal es que compartan con sus nuevos compa\u00f1eros. Las medallas son bienvenidas pero lo m\u00e1s importante es que sean felices y disfruten esta experiencia que no van a olvidar jam\u00e1s\u00bb.<\/p>\n\n\n\n<p>El grupo fue acompa\u00f1ado por sus profesores y entrenadores. 34 participantes compiten en las disciplinas culturales de teatro, artes visuales, artes pl\u00e1sticas, cumbia, malambo, dibujo, objeto tridimensional, cocina, entre otras. Los dem\u00e1s integran los equipos deportivos de f\u00fatbol, hockey, pat\u00edn, lucha, newcom y muchos m\u00e1s.<\/p>\n\n\n\n<p>La comitiva sanfernandina es una de las m\u00e1s numerosas y competitivas del torneo, el a\u00f1o pasado obtuvo 22 medallas en total, 11 de oro, 5 de plata y 6 de bronce. <\/p>\n","protected":false},"excerpt":{"rendered":"<p>15 de Octubre 2025 350 vecinos sanfernandinos, j\u00f3venes, adultos, adultos mayores y personas con discapacidad..<\/p>\n","protected":false},"author":2,"featured_media":18539,"comment_status":"open","ping_status":"open","sticky":false,"template":"","format":"standard","meta":{"footnotes":""},"categories":[7,3,2,72,1397],"tags":[],"class_list":["post-18538","post","type-post","status-publish","format-standard","has-post-thumbnail","hentry","category-deportes","category-municipios","category-provincia","category-san-fernando","category-san-fernando-municipios"],"_links":{"self":[{"href":"https:\/\/noticiasrec.com\/index.php?rest_route=\/wp\/v2\/posts\/18538","targetHints":{"allow":["GET"]}}],"collection":[{"href":"https:\/\/noticiasrec.com\/index.php?rest_route=\/wp\/v2\/posts"}],"about":[{"href":"https:\/\/noticiasrec.com\/index.php?rest_route=\/wp\/v2\/types\/post"}],"author":[{"embeddable":true,"href":"https:\/\/noticiasrec.com\/index.php?rest_route=\/wp\/v2\/users\/2"}],"replies":[{"embeddable":true,"href":"https:\/\/noticiasrec.com\/index.php?rest_route=%2Fwp%2Fv2%2Fcomments&post=18538"}],"version-history":[{"count":1,"href":"https:\/\/noticiasrec.com\/index.php?rest_route=\/wp\/v2\/posts\/18538\/revisions"}],"predecessor-version":[{"id":18540,"href":"https:\/\/noticiasrec.com\/index.php?rest_route=\/wp\/v2\/posts\/18538\/revisions\/18540"}],"wp:featuredmedia":[{"embeddable":true,"href":"https:\/\/noticiasrec.com\/index.php?rest_route=\/wp\/v2\/media\/18539"}],"wp:attachment":[{"href":"https:\/\/noticiasrec.com\/index.php?rest_route=%2Fwp%2Fv2%2Fmedia&parent=18538"}],"wp:term":[{"taxonomy":"category","embeddable":true,"href":"https:\/\/noticiasrec.com\/index.php?rest_route=%2Fwp%2Fv2%2Fcategories&post=18538"},{"taxonomy":"post_tag","embeddable":true,"href":"https:\/\/noticiasrec.com\/index.php?rest_route=%2Fwp%2Fv2%2Ftags&post=18538"}],"curies":[{"name":"wp","href":"https:\/\/api.w.org\/{rel}","templated":true}]}}