{"id":18416,"date":"2025-10-01T21:16:24","date_gmt":"2025-10-01T21:16:24","guid":{"rendered":"http:\/\/noticiasrec.com\/?p=18416"},"modified":"2025-10-01T21:16:24","modified_gmt":"2025-10-01T21:16:24","slug":"martin-campi-campilongo-lorena-vega-y-the-beats-estaran-este-fin-de-semana-en-san-fernando","status":"publish","type":"post","link":"https:\/\/noticiasrec.com\/?p=18416","title":{"rendered":"Mart\u00edn \u00abCampi\u00bb Campilongo, Lorena Vega y \u00abThe Beats\u00bb estar\u00e1n este fin de semana en San Fernando"},"content":{"rendered":"\n<p><strong>01 de Octubre 2025<\/strong><\/p>\n\n\n\n<p><strong>En el escenario del Teatro Otamendi se presentar\u00e1n: este viernes a las 20h, \u00abCampi\u00bb con su ciclo de humor; el s\u00e1bado a las 20h, Lorena Vega y Laura Paredes con \u00abLas Cautivas\u00bb; y el domingo a las 18h la \u00edconica banda \u00abThe Beats\u00bb. Reservas en la web www.teatrootamendi.com<\/strong><\/p>\n\n\n\n<p>La sala teatral m\u00e1s moderna de la regi\u00f3n, con capacidad para 500 espectadores y equipamiento de \u00faltima tecnolog\u00eda contin\u00faa con una programaci\u00f3n de grandes espect\u00e1culos que incluye: cine, humor, m\u00fasica y teatro. Se puede conocer la cartelera en&nbsp;<a href=\"http:\/\/www.teatrootamendi.com\/\" target=\"_blank\" rel=\"noreferrer noopener\">www.teatrootamendi.com<\/a>&nbsp;o en la boleter\u00eda: Sarmiento 1477.<\/p>\n\n\n\n<figure class=\"wp-block-image size-full\"><a href=\"http:\/\/noticiasrec.com\/wp-content\/uploads\/2025\/10\/68d5bec005e1f_800_450.webp\"><img loading=\"lazy\" decoding=\"async\" width=\"800\" height=\"450\" src=\"http:\/\/noticiasrec.com\/wp-content\/uploads\/2025\/10\/68d5bec005e1f_800_450.webp\" alt=\"\" class=\"wp-image-18417\" srcset=\"https:\/\/noticiasrec.com\/wp-content\/uploads\/2025\/10\/68d5bec005e1f_800_450.webp 800w, https:\/\/noticiasrec.com\/wp-content\/uploads\/2025\/10\/68d5bec005e1f_800_450-300x169.webp 300w, https:\/\/noticiasrec.com\/wp-content\/uploads\/2025\/10\/68d5bec005e1f_800_450-768x432.webp 768w\" sizes=\"auto, (max-width: 800px) 100vw, 800px\" \/><\/a><\/figure>\n\n\n\n<p>Este viernes 03\/10 a las 20h Mart\u00edn \u00abCampi\u00bb Campilongo llega con su ciclo humor\u00edstico \u00abCampi de Gira: Mon\u00f3logos Argentinos\u00bb,&nbsp;interpretando a seis de sus mejores personajes, regalando risas al p\u00fablico en cada acto.<\/p>\n\n\n\n<p>El s\u00e1bado 04\/10 a las 20 h Lorena Vega y Laura Paredes actuar\u00e1n en una historia del siglo XIX, cuando un mal\u00f3n irrumpe en una boda y secuestra a la novia, una mujer francesa llamada Celine. Ya en la tribu, la joven ser\u00e1 salvada por la india Rosalila, con quien se fugar\u00e1 a trav\u00e9s de la geograf\u00eda pampeana y sus peligros, en un regreso al origen de la mitolog\u00eda argentina.<\/p>\n\n\n\n<p>El domingo 05\/10 a las 18h se presentar\u00e1 \u00abThe Beats\u00bb, una banda tributo a \u00abThe Beatles\u00bb que ofrece una obra musical y teatral recreando la m\u00fasica de uno de los movimientos culturales m\u00e1s relevantes de todos los tiempos.<\/p>\n\n\n\n<p>La propuesta comienza el jueves 02\/10 a las 20h con la proyecci\u00f3n de \u00abCorre, Lola, corre<em>\u00ab<\/em>, pel\u00edcula alemana de acci\u00f3n y drama dirigida por Tom Tykwer (1998, 76 min). La historia sigue a Lola, quien tiene solo 20 minutos para conseguir 100 mil marcos y evitar que su novio Manni sea asesinado por un traficante.<\/p>\n\n\n\n<p>Las entradas se adquieren en www.teatrootamendi.com. Para m\u00e1s informaci\u00f3n,<\/p>\n\n\n\n<p>dirigirse a Sarmiento 1477, San Fernando, o llamar al (11) 2713-1966 de lunes a viernes de 10 a 20 horas. <\/p>\n","protected":false},"excerpt":{"rendered":"<p>01 de Octubre 2025 En el escenario del Teatro Otamendi se presentar\u00e1n: este viernes a..<\/p>\n","protected":false},"author":2,"featured_media":18417,"comment_status":"open","ping_status":"open","sticky":false,"template":"","format":"standard","meta":{"footnotes":""},"categories":[6,3,72,1397],"tags":[],"class_list":["post-18416","post","type-post","status-publish","format-standard","has-post-thumbnail","hentry","category-cultura-y-espectaculos","category-municipios","category-san-fernando","category-san-fernando-municipios"],"_links":{"self":[{"href":"https:\/\/noticiasrec.com\/index.php?rest_route=\/wp\/v2\/posts\/18416","targetHints":{"allow":["GET"]}}],"collection":[{"href":"https:\/\/noticiasrec.com\/index.php?rest_route=\/wp\/v2\/posts"}],"about":[{"href":"https:\/\/noticiasrec.com\/index.php?rest_route=\/wp\/v2\/types\/post"}],"author":[{"embeddable":true,"href":"https:\/\/noticiasrec.com\/index.php?rest_route=\/wp\/v2\/users\/2"}],"replies":[{"embeddable":true,"href":"https:\/\/noticiasrec.com\/index.php?rest_route=%2Fwp%2Fv2%2Fcomments&post=18416"}],"version-history":[{"count":1,"href":"https:\/\/noticiasrec.com\/index.php?rest_route=\/wp\/v2\/posts\/18416\/revisions"}],"predecessor-version":[{"id":18418,"href":"https:\/\/noticiasrec.com\/index.php?rest_route=\/wp\/v2\/posts\/18416\/revisions\/18418"}],"wp:featuredmedia":[{"embeddable":true,"href":"https:\/\/noticiasrec.com\/index.php?rest_route=\/wp\/v2\/media\/18417"}],"wp:attachment":[{"href":"https:\/\/noticiasrec.com\/index.php?rest_route=%2Fwp%2Fv2%2Fmedia&parent=18416"}],"wp:term":[{"taxonomy":"category","embeddable":true,"href":"https:\/\/noticiasrec.com\/index.php?rest_route=%2Fwp%2Fv2%2Fcategories&post=18416"},{"taxonomy":"post_tag","embeddable":true,"href":"https:\/\/noticiasrec.com\/index.php?rest_route=%2Fwp%2Fv2%2Ftags&post=18416"}],"curies":[{"name":"wp","href":"https:\/\/api.w.org\/{rel}","templated":true}]}}