{"id":18281,"date":"2025-09-18T21:33:36","date_gmt":"2025-09-18T21:33:36","guid":{"rendered":"http:\/\/noticiasrec.com\/?p=18281"},"modified":"2025-09-18T21:33:36","modified_gmt":"2025-09-18T21:33:36","slug":"entrega-de-escrituras-en-jose-c-paz-un-logro-institucional-para-la-seguridad-juridica-de-las-familias-pacenas","status":"publish","type":"post","link":"https:\/\/noticiasrec.com\/?p=18281","title":{"rendered":"Entrega de escrituras en Jos\u00e9 C. Paz: Un logro institucional para la seguridad Jur\u00eddica de las familias pace\u00f1as"},"content":{"rendered":"\n<p><strong>18 de Septiembre 2025<\/strong><\/p>\n\n\n\n<p>La Municipalidad de Jos\u00e9 C. Paz realiz\u00f3 el trascendental acto de entrega de Escrituras y Actas de posesi\u00f3n, en el Centro Municipal de Estudios (CEM UNPAZ), formalizando la tenencia de la tierra a un total de 253 familias del distrito.<\/p>\n\n\n\n<div class=\"wp-block-columns is-layout-flex wp-container-core-columns-is-layout-9d6595d7 wp-block-columns-is-layout-flex\">\n<div class=\"wp-block-column is-layout-flow wp-block-column-is-layout-flow\">\n<figure class=\"wp-block-image size-large\"><a href=\"http:\/\/noticiasrec.com\/wp-content\/uploads\/2025\/09\/WhatsApp-Image-2025-09-18-at-13.51.42.jpeg\"><img loading=\"lazy\" decoding=\"async\" width=\"1024\" height=\"684\" src=\"http:\/\/noticiasrec.com\/wp-content\/uploads\/2025\/09\/WhatsApp-Image-2025-09-18-at-13.51.42-1024x684.jpeg\" alt=\"\" class=\"wp-image-18282\" srcset=\"https:\/\/noticiasrec.com\/wp-content\/uploads\/2025\/09\/WhatsApp-Image-2025-09-18-at-13.51.42-1024x684.jpeg 1024w, https:\/\/noticiasrec.com\/wp-content\/uploads\/2025\/09\/WhatsApp-Image-2025-09-18-at-13.51.42-300x200.jpeg 300w, https:\/\/noticiasrec.com\/wp-content\/uploads\/2025\/09\/WhatsApp-Image-2025-09-18-at-13.51.42-768x513.jpeg 768w, https:\/\/noticiasrec.com\/wp-content\/uploads\/2025\/09\/WhatsApp-Image-2025-09-18-at-13.51.42.jpeg 1280w\" sizes=\"auto, (max-width: 1024px) 100vw, 1024px\" \/><\/a><\/figure>\n<\/div>\n\n\n\n<div class=\"wp-block-column is-layout-flow wp-block-column-is-layout-flow\">\n<figure class=\"wp-block-image size-large\"><a href=\"http:\/\/noticiasrec.com\/wp-content\/uploads\/2025\/09\/WhatsApp-Image-2025-09-18-at-13.51.43.jpeg\"><img loading=\"lazy\" decoding=\"async\" width=\"1024\" height=\"684\" src=\"http:\/\/noticiasrec.com\/wp-content\/uploads\/2025\/09\/WhatsApp-Image-2025-09-18-at-13.51.43-1024x684.jpeg\" alt=\"\" class=\"wp-image-18283\" srcset=\"https:\/\/noticiasrec.com\/wp-content\/uploads\/2025\/09\/WhatsApp-Image-2025-09-18-at-13.51.43-1024x684.jpeg 1024w, https:\/\/noticiasrec.com\/wp-content\/uploads\/2025\/09\/WhatsApp-Image-2025-09-18-at-13.51.43-300x200.jpeg 300w, https:\/\/noticiasrec.com\/wp-content\/uploads\/2025\/09\/WhatsApp-Image-2025-09-18-at-13.51.43-768x513.jpeg 768w, https:\/\/noticiasrec.com\/wp-content\/uploads\/2025\/09\/WhatsApp-Image-2025-09-18-at-13.51.43.jpeg 1280w\" sizes=\"auto, (max-width: 1024px) 100vw, 1024px\" \/><\/a><\/figure>\n<\/div>\n<\/div>\n\n\n\n<p>Encabezaron la actividad el Intendente Municipal, Dr. HC Mario Alberto Ishii; el Subsecretario de H\u00e1bitat de la Comunidad de la provincia de Buenos Aires, Arq. Rub\u00e9n Pascolini; el Subsecretario de Organizaci\u00f3n Comunitaria PBA, Santiago Fidanza; el Director de Acciones Escriturarias, Ariel Trovero; el Secretario de Gobierno, Pablo Mansilla y la Directora General de Casa de Tierras, Elba Ben\u00edtez. La iniciativa se enmarca en la aplicaci\u00f3n de la Ley Nacional N\u00b0 24.374, demostrando el firme compromiso de esta gesti\u00f3n con la seguridad jur\u00eddica y el derecho a la propiedad.<\/p>\n\n\n\n<div class=\"wp-block-columns is-layout-flex wp-container-core-columns-is-layout-9d6595d7 wp-block-columns-is-layout-flex\">\n<div class=\"wp-block-column is-layout-flow wp-block-column-is-layout-flow\">\n<figure class=\"wp-block-image size-large\"><a href=\"http:\/\/noticiasrec.com\/wp-content\/uploads\/2025\/09\/WhatsApp-Image-2025-09-18-at-13.51.44.jpeg\"><img loading=\"lazy\" decoding=\"async\" width=\"1024\" height=\"684\" src=\"http:\/\/noticiasrec.com\/wp-content\/uploads\/2025\/09\/WhatsApp-Image-2025-09-18-at-13.51.44-1024x684.jpeg\" alt=\"\" class=\"wp-image-18284\" srcset=\"https:\/\/noticiasrec.com\/wp-content\/uploads\/2025\/09\/WhatsApp-Image-2025-09-18-at-13.51.44-1024x684.jpeg 1024w, https:\/\/noticiasrec.com\/wp-content\/uploads\/2025\/09\/WhatsApp-Image-2025-09-18-at-13.51.44-300x200.jpeg 300w, https:\/\/noticiasrec.com\/wp-content\/uploads\/2025\/09\/WhatsApp-Image-2025-09-18-at-13.51.44-768x513.jpeg 768w, https:\/\/noticiasrec.com\/wp-content\/uploads\/2025\/09\/WhatsApp-Image-2025-09-18-at-13.51.44.jpeg 1280w\" sizes=\"auto, (max-width: 1024px) 100vw, 1024px\" \/><\/a><\/figure>\n<\/div>\n\n\n\n<div class=\"wp-block-column is-layout-flow wp-block-column-is-layout-flow\">\n<figure class=\"wp-block-image size-large\"><a href=\"http:\/\/noticiasrec.com\/wp-content\/uploads\/2025\/09\/WhatsApp-Image-2025-09-18-at-13.51.43-1.jpeg\"><img loading=\"lazy\" decoding=\"async\" width=\"1024\" height=\"684\" src=\"http:\/\/noticiasrec.com\/wp-content\/uploads\/2025\/09\/WhatsApp-Image-2025-09-18-at-13.51.43-1-1024x684.jpeg\" alt=\"\" class=\"wp-image-18285\" srcset=\"https:\/\/noticiasrec.com\/wp-content\/uploads\/2025\/09\/WhatsApp-Image-2025-09-18-at-13.51.43-1-1024x684.jpeg 1024w, https:\/\/noticiasrec.com\/wp-content\/uploads\/2025\/09\/WhatsApp-Image-2025-09-18-at-13.51.43-1-300x200.jpeg 300w, https:\/\/noticiasrec.com\/wp-content\/uploads\/2025\/09\/WhatsApp-Image-2025-09-18-at-13.51.43-1-768x513.jpeg 768w, https:\/\/noticiasrec.com\/wp-content\/uploads\/2025\/09\/WhatsApp-Image-2025-09-18-at-13.51.43-1.jpeg 1280w\" sizes=\"auto, (max-width: 1024px) 100vw, 1024px\" \/><\/a><\/figure>\n<\/div>\n<\/div>\n\n\n\n<p>Colaboraci\u00f3n Interinstitucional y Alcance del Programa<\/p>\n\n\n\n<p>Este operativo masivo es resultado de una articulaci\u00f3n efectiva entre el Ministerio de Desarrollo de la Comunidad de la Provincia de Buenos Aires, a trav\u00e9s de la Subsecretaria de H\u00e1bitat de la Comunidad y la Direcci\u00f3n General de Casa de Tierras de la Secretar\u00eda de Gobierno Municipal.<br>Durante el acto se formaliz\u00f3 la entrega de 161 escrituras y 92 actas de posesi\u00f3n, lo que representa un avance significativo en la regularizaci\u00f3n dominial de los barrios pace\u00f1os. La presencia de autoridades municipales y provinciales subraya la importancia estrat\u00e9gica de este programa para el desarrollo y la planificaci\u00f3n urbana del partido.<\/p>\n\n\n\n<figure class=\"wp-block-image size-large is-resized\"><a href=\"http:\/\/noticiasrec.com\/wp-content\/uploads\/2025\/09\/WhatsApp-Image-2025-09-18-at-13.51.41.jpeg\"><img loading=\"lazy\" decoding=\"async\" width=\"1024\" height=\"684\" src=\"http:\/\/noticiasrec.com\/wp-content\/uploads\/2025\/09\/WhatsApp-Image-2025-09-18-at-13.51.41-1024x684.jpeg\" alt=\"\" class=\"wp-image-18286\" style=\"width:735px;height:auto\" srcset=\"https:\/\/noticiasrec.com\/wp-content\/uploads\/2025\/09\/WhatsApp-Image-2025-09-18-at-13.51.41-1024x684.jpeg 1024w, https:\/\/noticiasrec.com\/wp-content\/uploads\/2025\/09\/WhatsApp-Image-2025-09-18-at-13.51.41-300x200.jpeg 300w, https:\/\/noticiasrec.com\/wp-content\/uploads\/2025\/09\/WhatsApp-Image-2025-09-18-at-13.51.41-768x513.jpeg 768w, https:\/\/noticiasrec.com\/wp-content\/uploads\/2025\/09\/WhatsApp-Image-2025-09-18-at-13.51.41.jpeg 1280w\" sizes=\"auto, (max-width: 1024px) 100vw, 1024px\" \/><\/a><\/figure>\n\n\n\n<p>La Municipalidad de Jos\u00e9 C. Paz reafirma, con estas acciones concretas, su labor en el fortalecimiento del patrimonio familiar y la calidad de vida de sus habitantes, promoviendo un futuro con mayor estabilidad y equidad para todos los vecinos.<\/p>\n\n\n\n<p><\/p>\n","protected":false},"excerpt":{"rendered":"<p>18 de Septiembre 2025 La Municipalidad de Jos\u00e9 C. Paz realiz\u00f3 el trascendental acto de..<\/p>\n","protected":false},"author":2,"featured_media":18283,"comment_status":"open","ping_status":"open","sticky":false,"template":"","format":"standard","meta":{"footnotes":""},"categories":[10,3,2],"tags":[],"class_list":["post-18281","post","type-post","status-publish","format-standard","has-post-thumbnail","hentry","category-jose-c-paz","category-municipios","category-provincia"],"_links":{"self":[{"href":"https:\/\/noticiasrec.com\/index.php?rest_route=\/wp\/v2\/posts\/18281","targetHints":{"allow":["GET"]}}],"collection":[{"href":"https:\/\/noticiasrec.com\/index.php?rest_route=\/wp\/v2\/posts"}],"about":[{"href":"https:\/\/noticiasrec.com\/index.php?rest_route=\/wp\/v2\/types\/post"}],"author":[{"embeddable":true,"href":"https:\/\/noticiasrec.com\/index.php?rest_route=\/wp\/v2\/users\/2"}],"replies":[{"embeddable":true,"href":"https:\/\/noticiasrec.com\/index.php?rest_route=%2Fwp%2Fv2%2Fcomments&post=18281"}],"version-history":[{"count":1,"href":"https:\/\/noticiasrec.com\/index.php?rest_route=\/wp\/v2\/posts\/18281\/revisions"}],"predecessor-version":[{"id":18287,"href":"https:\/\/noticiasrec.com\/index.php?rest_route=\/wp\/v2\/posts\/18281\/revisions\/18287"}],"wp:featuredmedia":[{"embeddable":true,"href":"https:\/\/noticiasrec.com\/index.php?rest_route=\/wp\/v2\/media\/18283"}],"wp:attachment":[{"href":"https:\/\/noticiasrec.com\/index.php?rest_route=%2Fwp%2Fv2%2Fmedia&parent=18281"}],"wp:term":[{"taxonomy":"category","embeddable":true,"href":"https:\/\/noticiasrec.com\/index.php?rest_route=%2Fwp%2Fv2%2Fcategories&post=18281"},{"taxonomy":"post_tag","embeddable":true,"href":"https:\/\/noticiasrec.com\/index.php?rest_route=%2Fwp%2Fv2%2Ftags&post=18281"}],"curies":[{"name":"wp","href":"https:\/\/api.w.org\/{rel}","templated":true}]}}