{"id":18047,"date":"2025-08-23T16:16:21","date_gmt":"2025-08-23T16:16:21","guid":{"rendered":"http:\/\/noticiasrec.com\/?p=18047"},"modified":"2025-08-23T16:16:21","modified_gmt":"2025-08-23T16:16:21","slug":"nardini-inauguro-el-polideportivo-crim-en-grand-bourg","status":"publish","type":"post","link":"https:\/\/noticiasrec.com\/?p=18047","title":{"rendered":"Nardini inaugur\u00f3 el Polideportivo CRIM en Grand Bourg"},"content":{"rendered":"\n<p><strong>23 de Agosto 2025<\/strong><\/p>\n\n\n\n<p><strong>Este jueves se celebr\u00f3 la apertura del polideportivo CRIM, el viejo predio refaccionado a nuevo por la gesti\u00f3n municipal para que la comunidad de Grand Bourg puede acceder al deporte y la cultura.<\/strong><\/p>\n\n\n\n<p>El intendente de Malvinas Argentinas, Leo Nardini, encabez\u00f3 la inauguraci\u00f3n del Polideportivo CRIM de Grand Bourg. Lo acompa\u00f1aron el vicepresidente primero de la C\u00e1mara de Senadores de la provincia, Luis Vivona; la secretaria general, Noe Correa; la secretaria de Gobierno y Monitoreo Institucional, Lic. Mar\u00eda Luj\u00e1n Salgado; y el subsecretario de Educaci\u00f3n y Deporte, Lic. Daniel Morard, adem\u00e1s de cientos de vecinos que se acercaron a compartir el esperado momento.<\/p>\n\n\n\n<div class=\"wp-block-columns is-layout-flex wp-container-core-columns-is-layout-9d6595d7 wp-block-columns-is-layout-flex\">\n<div class=\"wp-block-column is-layout-flow wp-block-column-is-layout-flow\">\n<figure class=\"wp-block-image size-large\"><a href=\"http:\/\/noticiasrec.com\/wp-content\/uploads\/2025\/08\/e2e4fc13-01d8-413b-86de-ffa0f9f18ec4.jpg\"><img loading=\"lazy\" decoding=\"async\" width=\"1024\" height=\"683\" src=\"http:\/\/noticiasrec.com\/wp-content\/uploads\/2025\/08\/e2e4fc13-01d8-413b-86de-ffa0f9f18ec4-1024x683.jpg\" alt=\"\" class=\"wp-image-18048\" srcset=\"https:\/\/noticiasrec.com\/wp-content\/uploads\/2025\/08\/e2e4fc13-01d8-413b-86de-ffa0f9f18ec4-1024x683.jpg 1024w, https:\/\/noticiasrec.com\/wp-content\/uploads\/2025\/08\/e2e4fc13-01d8-413b-86de-ffa0f9f18ec4-300x200.jpg 300w, https:\/\/noticiasrec.com\/wp-content\/uploads\/2025\/08\/e2e4fc13-01d8-413b-86de-ffa0f9f18ec4-768x512.jpg 768w, https:\/\/noticiasrec.com\/wp-content\/uploads\/2025\/08\/e2e4fc13-01d8-413b-86de-ffa0f9f18ec4.jpg 1032w\" sizes=\"auto, (max-width: 1024px) 100vw, 1024px\" \/><\/a><\/figure>\n<\/div>\n\n\n\n<div class=\"wp-block-column is-layout-flow wp-block-column-is-layout-flow\">\n<figure class=\"wp-block-image size-large\"><a href=\"http:\/\/noticiasrec.com\/wp-content\/uploads\/2025\/08\/7a548004-43de-49d9-877b-f7ef49a0102d.jpg\"><img loading=\"lazy\" decoding=\"async\" width=\"1024\" height=\"683\" src=\"http:\/\/noticiasrec.com\/wp-content\/uploads\/2025\/08\/7a548004-43de-49d9-877b-f7ef49a0102d-1024x683.jpg\" alt=\"\" class=\"wp-image-18049\" srcset=\"https:\/\/noticiasrec.com\/wp-content\/uploads\/2025\/08\/7a548004-43de-49d9-877b-f7ef49a0102d-1024x683.jpg 1024w, https:\/\/noticiasrec.com\/wp-content\/uploads\/2025\/08\/7a548004-43de-49d9-877b-f7ef49a0102d-300x200.jpg 300w, https:\/\/noticiasrec.com\/wp-content\/uploads\/2025\/08\/7a548004-43de-49d9-877b-f7ef49a0102d-768x512.jpg 768w, https:\/\/noticiasrec.com\/wp-content\/uploads\/2025\/08\/7a548004-43de-49d9-877b-f7ef49a0102d.jpg 1032w\" sizes=\"auto, (max-width: 1024px) 100vw, 1024px\" \/><\/a><\/figure>\n<\/div>\n<\/div>\n\n\n\n<p>Antes del tradicional corte de cinta junto a los vecinos, las autoridades recorrieron las instalaciones del predio de 1.200 metros cuadrados, el gimnasio, el play\u00f3n deportivo e hicieron una visita a la nueva pileta semiol\u00edmpica, que gener\u00f3 gran entusiasmo. Tambi\u00e9n hubo demostraciones de taekwondo, pat\u00edn y breaking. \u201cHoy escribimos una linda p\u00e1gina de algo que logramos construir juntos, un lugar emblem\u00e1tico\u201d, destac\u00f3 Nardini.&nbsp;<\/p>\n\n\n\n<div class=\"wp-block-columns is-layout-flex wp-container-core-columns-is-layout-9d6595d7 wp-block-columns-is-layout-flex\">\n<div class=\"wp-block-column is-layout-flow wp-block-column-is-layout-flow\">\n<figure class=\"wp-block-image size-large\"><a href=\"http:\/\/noticiasrec.com\/wp-content\/uploads\/2025\/08\/7b3696d8-a03d-4469-806d-c10ef7558c98.jpg\"><img loading=\"lazy\" decoding=\"async\" width=\"1024\" height=\"683\" src=\"http:\/\/noticiasrec.com\/wp-content\/uploads\/2025\/08\/7b3696d8-a03d-4469-806d-c10ef7558c98-1024x683.jpg\" alt=\"\" class=\"wp-image-18050\" srcset=\"https:\/\/noticiasrec.com\/wp-content\/uploads\/2025\/08\/7b3696d8-a03d-4469-806d-c10ef7558c98-1024x683.jpg 1024w, https:\/\/noticiasrec.com\/wp-content\/uploads\/2025\/08\/7b3696d8-a03d-4469-806d-c10ef7558c98-300x200.jpg 300w, https:\/\/noticiasrec.com\/wp-content\/uploads\/2025\/08\/7b3696d8-a03d-4469-806d-c10ef7558c98-768x512.jpg 768w, https:\/\/noticiasrec.com\/wp-content\/uploads\/2025\/08\/7b3696d8-a03d-4469-806d-c10ef7558c98.jpg 1032w\" sizes=\"auto, (max-width: 1024px) 100vw, 1024px\" \/><\/a><\/figure>\n<\/div>\n\n\n\n<div class=\"wp-block-column is-layout-flow wp-block-column-is-layout-flow\">\n<figure class=\"wp-block-image size-large\"><a href=\"http:\/\/noticiasrec.com\/wp-content\/uploads\/2025\/08\/890db9c4-6630-42b7-a021-7041f5b683c5.jpg\"><img loading=\"lazy\" decoding=\"async\" width=\"1024\" height=\"682\" src=\"http:\/\/noticiasrec.com\/wp-content\/uploads\/2025\/08\/890db9c4-6630-42b7-a021-7041f5b683c5-1024x682.jpg\" alt=\"\" class=\"wp-image-18051\" srcset=\"https:\/\/noticiasrec.com\/wp-content\/uploads\/2025\/08\/890db9c4-6630-42b7-a021-7041f5b683c5-1024x682.jpg 1024w, https:\/\/noticiasrec.com\/wp-content\/uploads\/2025\/08\/890db9c4-6630-42b7-a021-7041f5b683c5-300x200.jpg 300w, https:\/\/noticiasrec.com\/wp-content\/uploads\/2025\/08\/890db9c4-6630-42b7-a021-7041f5b683c5-768x512.jpg 768w, https:\/\/noticiasrec.com\/wp-content\/uploads\/2025\/08\/890db9c4-6630-42b7-a021-7041f5b683c5.jpg 1280w\" sizes=\"auto, (max-width: 1024px) 100vw, 1024px\" \/><\/a><\/figure>\n<\/div>\n<\/div>\n\n\n\n<p>Con afecto y admiraci\u00f3n, el intendente record\u00f3 a Alberto \u201cel Tano\u201d Salvaneschi, el Concejal que en el a\u00f1o 1.985 present\u00f3 la ordenanza para que el predio fuera utilizado para la construcci\u00f3n del centro, y agradeci\u00f3 la presencia de Luisa y Fabi\u00e1n, su esposa e hijo. En la misma l\u00ednea, el intendente remarc\u00f3: \u201cMalvinas es el lugar donde so\u00f1amos con que la gente pueda hacer deporte y actividades culturales accesibles, cerca de la casa. Como nos ense\u00f1\u00f3 nuestro Senador Luis Vivona\u201d, y agreg\u00f3: \u201cYa vamos por el quinto polideportivo de nuestra gesti\u00f3n y el octavo espacio recreativo que tenemos\u201d.<\/p>\n\n\n\n<div class=\"wp-block-columns is-layout-flex wp-container-core-columns-is-layout-9d6595d7 wp-block-columns-is-layout-flex\">\n<div class=\"wp-block-column is-layout-flow wp-block-column-is-layout-flow\">\n<figure class=\"wp-block-image size-large\"><a href=\"http:\/\/noticiasrec.com\/wp-content\/uploads\/2025\/08\/dd104414-c499-46ea-98c7-8feba02efbc2.jpg\"><img loading=\"lazy\" decoding=\"async\" width=\"1024\" height=\"683\" src=\"http:\/\/noticiasrec.com\/wp-content\/uploads\/2025\/08\/dd104414-c499-46ea-98c7-8feba02efbc2-1024x683.jpg\" alt=\"\" class=\"wp-image-18052\" srcset=\"https:\/\/noticiasrec.com\/wp-content\/uploads\/2025\/08\/dd104414-c499-46ea-98c7-8feba02efbc2-1024x683.jpg 1024w, https:\/\/noticiasrec.com\/wp-content\/uploads\/2025\/08\/dd104414-c499-46ea-98c7-8feba02efbc2-300x200.jpg 300w, https:\/\/noticiasrec.com\/wp-content\/uploads\/2025\/08\/dd104414-c499-46ea-98c7-8feba02efbc2-768x512.jpg 768w, https:\/\/noticiasrec.com\/wp-content\/uploads\/2025\/08\/dd104414-c499-46ea-98c7-8feba02efbc2.jpg 1032w\" sizes=\"auto, (max-width: 1024px) 100vw, 1024px\" \/><\/a><\/figure>\n<\/div>\n\n\n\n<div class=\"wp-block-column is-layout-flow wp-block-column-is-layout-flow\">\n<figure class=\"wp-block-image size-large\"><a href=\"http:\/\/noticiasrec.com\/wp-content\/uploads\/2025\/08\/60946b98-5aaa-42fe-ae93-21ecd534748b.jpg\"><img loading=\"lazy\" decoding=\"async\" width=\"1024\" height=\"683\" src=\"http:\/\/noticiasrec.com\/wp-content\/uploads\/2025\/08\/60946b98-5aaa-42fe-ae93-21ecd534748b-1024x683.jpg\" alt=\"\" class=\"wp-image-18053\" srcset=\"https:\/\/noticiasrec.com\/wp-content\/uploads\/2025\/08\/60946b98-5aaa-42fe-ae93-21ecd534748b-1024x683.jpg 1024w, https:\/\/noticiasrec.com\/wp-content\/uploads\/2025\/08\/60946b98-5aaa-42fe-ae93-21ecd534748b-300x200.jpg 300w, https:\/\/noticiasrec.com\/wp-content\/uploads\/2025\/08\/60946b98-5aaa-42fe-ae93-21ecd534748b-768x512.jpg 768w, https:\/\/noticiasrec.com\/wp-content\/uploads\/2025\/08\/60946b98-5aaa-42fe-ae93-21ecd534748b.jpg 1032w\" sizes=\"auto, (max-width: 1024px) 100vw, 1024px\" \/><\/a><\/figure>\n<\/div>\n<\/div>\n\n\n\n<p>Adem\u00e1s, Nardini destac\u00f3 con emoci\u00f3n el rol de la comunidad en cada paso de la gesti\u00f3n: \u201cTodos los que en alg\u00fan momento de nuestra vida pasamos por ac\u00e1 estamos muy contentos. Por todos, pero sobre todo por los chicos y los adultos mayores que van a tener un lugar de calidad, para hacer actividad f\u00edsica\u201d.<\/p>\n\n\n\n<figure class=\"wp-block-image size-large is-resized\"><a href=\"http:\/\/noticiasrec.com\/wp-content\/uploads\/2025\/08\/6909c459-899e-411c-ba5b-8ec56958d278.jpg\"><img loading=\"lazy\" decoding=\"async\" width=\"1024\" height=\"683\" src=\"http:\/\/noticiasrec.com\/wp-content\/uploads\/2025\/08\/6909c459-899e-411c-ba5b-8ec56958d278-1024x683.jpg\" alt=\"\" class=\"wp-image-18054\" style=\"width:716px;height:auto\" srcset=\"https:\/\/noticiasrec.com\/wp-content\/uploads\/2025\/08\/6909c459-899e-411c-ba5b-8ec56958d278-1024x683.jpg 1024w, https:\/\/noticiasrec.com\/wp-content\/uploads\/2025\/08\/6909c459-899e-411c-ba5b-8ec56958d278-300x200.jpg 300w, https:\/\/noticiasrec.com\/wp-content\/uploads\/2025\/08\/6909c459-899e-411c-ba5b-8ec56958d278-768x512.jpg 768w, https:\/\/noticiasrec.com\/wp-content\/uploads\/2025\/08\/6909c459-899e-411c-ba5b-8ec56958d278.jpg 1032w\" sizes=\"auto, (max-width: 1024px) 100vw, 1024px\" \/><\/a><\/figure>\n\n\n\n<p>El proyecto fue finalizado con recursos municipales a partir del desfinanciamiento de la obra p\u00fablica por parte del gobierno nacional. \u201cMuchos pensaron que este sue\u00f1o no se iba a poder lograr. Pero si hay decisi\u00f3n pol\u00edtica se pueden construir cosas buenas\u201d, expres\u00f3 el jefe comunal.<\/p>\n\n\n\n<p>Entre las obras en ejecuci\u00f3n, se destacan la Unidad de Diagn\u00f3stico Precoz en Grand Bourg, el Hospital Universitario en Ing. Pablo Nogu\u00e9s, adem\u00e1s de continuar con la recuperaci\u00f3n de espacios p\u00fablicos, las pavimentaciones, las obras hidr\u00e1ulicas y las capacitaciones de la Escuela de Estudios en Oficios. \u201cAs\u00ed como ustedes en sus casas encuentran siempre algo para mejorar, Malvinas es nuestra casa y vamos a seguir construyendo el lugar de la familia\u201d. <\/p>\n","protected":false},"excerpt":{"rendered":"<p>23 de Agosto 2025 Este jueves se celebr\u00f3 la apertura del polideportivo CRIM, el viejo..<\/p>\n","protected":false},"author":2,"featured_media":18052,"comment_status":"open","ping_status":"open","sticky":false,"template":"","format":"standard","meta":{"footnotes":""},"categories":[7,9,3],"tags":[],"class_list":["post-18047","post","type-post","status-publish","format-standard","has-post-thumbnail","hentry","category-deportes","category-malvinas-argentinas","category-municipios"],"_links":{"self":[{"href":"https:\/\/noticiasrec.com\/index.php?rest_route=\/wp\/v2\/posts\/18047","targetHints":{"allow":["GET"]}}],"collection":[{"href":"https:\/\/noticiasrec.com\/index.php?rest_route=\/wp\/v2\/posts"}],"about":[{"href":"https:\/\/noticiasrec.com\/index.php?rest_route=\/wp\/v2\/types\/post"}],"author":[{"embeddable":true,"href":"https:\/\/noticiasrec.com\/index.php?rest_route=\/wp\/v2\/users\/2"}],"replies":[{"embeddable":true,"href":"https:\/\/noticiasrec.com\/index.php?rest_route=%2Fwp%2Fv2%2Fcomments&post=18047"}],"version-history":[{"count":1,"href":"https:\/\/noticiasrec.com\/index.php?rest_route=\/wp\/v2\/posts\/18047\/revisions"}],"predecessor-version":[{"id":18055,"href":"https:\/\/noticiasrec.com\/index.php?rest_route=\/wp\/v2\/posts\/18047\/revisions\/18055"}],"wp:featuredmedia":[{"embeddable":true,"href":"https:\/\/noticiasrec.com\/index.php?rest_route=\/wp\/v2\/media\/18052"}],"wp:attachment":[{"href":"https:\/\/noticiasrec.com\/index.php?rest_route=%2Fwp%2Fv2%2Fmedia&parent=18047"}],"wp:term":[{"taxonomy":"category","embeddable":true,"href":"https:\/\/noticiasrec.com\/index.php?rest_route=%2Fwp%2Fv2%2Fcategories&post=18047"},{"taxonomy":"post_tag","embeddable":true,"href":"https:\/\/noticiasrec.com\/index.php?rest_route=%2Fwp%2Fv2%2Ftags&post=18047"}],"curies":[{"name":"wp","href":"https:\/\/api.w.org\/{rel}","templated":true}]}}