{"id":18022,"date":"2025-08-19T19:29:27","date_gmt":"2025-08-19T19:29:27","guid":{"rendered":"http:\/\/noticiasrec.com\/?p=18022"},"modified":"2025-08-19T19:29:27","modified_gmt":"2025-08-19T19:29:27","slug":"el-intendente-ishii-fortalece-la-salud-visual-mas-de-5-mil-lentes-entregados-en-jose-c-paz","status":"publish","type":"post","link":"https:\/\/noticiasrec.com\/?p=18022","title":{"rendered":"El intendente Ishii fortalece la salud visual: Mas de 5 mil lentes entregados en Jos\u00e9 C. Paz"},"content":{"rendered":"\n<p><strong>19 de Agosto 2025<\/strong><\/p>\n\n\n\n<p>El intendente Mario Ishii encabez\u00f3 una nueva entrega de lentes del programa municipal \u201cVer al Alcance de tu Barrio\u201d, iniciativa que ya permiti\u00f3 a m\u00e1s de 5 mil vecinos mejorar su salud visual.<\/p>\n\n\n\n<div class=\"wp-block-columns is-layout-flex wp-container-core-columns-is-layout-9d6595d7 wp-block-columns-is-layout-flex\">\n<div class=\"wp-block-column is-layout-flow wp-block-column-is-layout-flow\">\n<figure class=\"wp-block-image size-large\"><a href=\"http:\/\/noticiasrec.com\/wp-content\/uploads\/2025\/08\/WhatsApp-Image-2025-08-15-at-21.23.59.jpeg\"><img loading=\"lazy\" decoding=\"async\" width=\"1024\" height=\"684\" src=\"http:\/\/noticiasrec.com\/wp-content\/uploads\/2025\/08\/WhatsApp-Image-2025-08-15-at-21.23.59-1024x684.jpeg\" alt=\"\" class=\"wp-image-18023\" srcset=\"https:\/\/noticiasrec.com\/wp-content\/uploads\/2025\/08\/WhatsApp-Image-2025-08-15-at-21.23.59-1024x684.jpeg 1024w, https:\/\/noticiasrec.com\/wp-content\/uploads\/2025\/08\/WhatsApp-Image-2025-08-15-at-21.23.59-300x200.jpeg 300w, https:\/\/noticiasrec.com\/wp-content\/uploads\/2025\/08\/WhatsApp-Image-2025-08-15-at-21.23.59-768x513.jpeg 768w, https:\/\/noticiasrec.com\/wp-content\/uploads\/2025\/08\/WhatsApp-Image-2025-08-15-at-21.23.59-1536x1026.jpeg 1536w, https:\/\/noticiasrec.com\/wp-content\/uploads\/2025\/08\/WhatsApp-Image-2025-08-15-at-21.23.59.jpeg 1600w\" sizes=\"auto, (max-width: 1024px) 100vw, 1024px\" \/><\/a><\/figure>\n<\/div>\n\n\n\n<div class=\"wp-block-column is-layout-flow wp-block-column-is-layout-flow\">\n<figure class=\"wp-block-image size-large\"><a href=\"http:\/\/noticiasrec.com\/wp-content\/uploads\/2025\/08\/WhatsApp-Image-2025-08-15-at-21.23.58-2.jpeg\"><img loading=\"lazy\" decoding=\"async\" width=\"1024\" height=\"684\" src=\"http:\/\/noticiasrec.com\/wp-content\/uploads\/2025\/08\/WhatsApp-Image-2025-08-15-at-21.23.58-2-1024x684.jpeg\" alt=\"\" class=\"wp-image-18024\" srcset=\"https:\/\/noticiasrec.com\/wp-content\/uploads\/2025\/08\/WhatsApp-Image-2025-08-15-at-21.23.58-2-1024x684.jpeg 1024w, https:\/\/noticiasrec.com\/wp-content\/uploads\/2025\/08\/WhatsApp-Image-2025-08-15-at-21.23.58-2-300x200.jpeg 300w, https:\/\/noticiasrec.com\/wp-content\/uploads\/2025\/08\/WhatsApp-Image-2025-08-15-at-21.23.58-2-768x513.jpeg 768w, https:\/\/noticiasrec.com\/wp-content\/uploads\/2025\/08\/WhatsApp-Image-2025-08-15-at-21.23.58-2-1536x1026.jpeg 1536w, https:\/\/noticiasrec.com\/wp-content\/uploads\/2025\/08\/WhatsApp-Image-2025-08-15-at-21.23.58-2.jpeg 1600w\" sizes=\"auto, (max-width: 1024px) 100vw, 1024px\" \/><\/a><\/figure>\n<\/div>\n<\/div>\n\n\n\n<p>La actividad se realiz\u00f3 en el Hospital Oftalmol\u00f3gico \u201cPresidente Juan Domingo Per\u00f3n\u201d, ubicado en Hip\u00f3lito Yrigoyen 3028, Jos\u00e9 C. Paz, y estuvo dirigida a ni\u00f1os de hasta 13 a\u00f1os que fueron previamente citados por la Secretar\u00eda de Salud.<\/p>\n\n\n\n<div class=\"wp-block-columns is-layout-flex wp-container-core-columns-is-layout-9d6595d7 wp-block-columns-is-layout-flex\">\n<div class=\"wp-block-column is-layout-flow wp-block-column-is-layout-flow\">\n<figure class=\"wp-block-image size-large\"><a href=\"http:\/\/noticiasrec.com\/wp-content\/uploads\/2025\/08\/WhatsApp-Image-2025-08-15-at-21.23.57.jpeg\"><img loading=\"lazy\" decoding=\"async\" width=\"1024\" height=\"684\" src=\"http:\/\/noticiasrec.com\/wp-content\/uploads\/2025\/08\/WhatsApp-Image-2025-08-15-at-21.23.57-1024x684.jpeg\" alt=\"\" class=\"wp-image-18025\" srcset=\"https:\/\/noticiasrec.com\/wp-content\/uploads\/2025\/08\/WhatsApp-Image-2025-08-15-at-21.23.57-1024x684.jpeg 1024w, https:\/\/noticiasrec.com\/wp-content\/uploads\/2025\/08\/WhatsApp-Image-2025-08-15-at-21.23.57-300x200.jpeg 300w, https:\/\/noticiasrec.com\/wp-content\/uploads\/2025\/08\/WhatsApp-Image-2025-08-15-at-21.23.57-768x513.jpeg 768w, https:\/\/noticiasrec.com\/wp-content\/uploads\/2025\/08\/WhatsApp-Image-2025-08-15-at-21.23.57-1536x1026.jpeg 1536w, https:\/\/noticiasrec.com\/wp-content\/uploads\/2025\/08\/WhatsApp-Image-2025-08-15-at-21.23.57.jpeg 1600w\" sizes=\"auto, (max-width: 1024px) 100vw, 1024px\" \/><\/a><\/figure>\n<\/div>\n\n\n\n<div class=\"wp-block-column is-layout-flow wp-block-column-is-layout-flow\">\n<figure class=\"wp-block-image size-large\"><a href=\"http:\/\/noticiasrec.com\/wp-content\/uploads\/2025\/08\/WhatsApp-Image-2025-08-15-at-21.23.57-1.jpeg\"><img loading=\"lazy\" decoding=\"async\" width=\"1024\" height=\"684\" src=\"http:\/\/noticiasrec.com\/wp-content\/uploads\/2025\/08\/WhatsApp-Image-2025-08-15-at-21.23.57-1-1024x684.jpeg\" alt=\"\" class=\"wp-image-18026\" srcset=\"https:\/\/noticiasrec.com\/wp-content\/uploads\/2025\/08\/WhatsApp-Image-2025-08-15-at-21.23.57-1-1024x684.jpeg 1024w, https:\/\/noticiasrec.com\/wp-content\/uploads\/2025\/08\/WhatsApp-Image-2025-08-15-at-21.23.57-1-300x200.jpeg 300w, https:\/\/noticiasrec.com\/wp-content\/uploads\/2025\/08\/WhatsApp-Image-2025-08-15-at-21.23.57-1-768x513.jpeg 768w, https:\/\/noticiasrec.com\/wp-content\/uploads\/2025\/08\/WhatsApp-Image-2025-08-15-at-21.23.57-1-1536x1026.jpeg 1536w, https:\/\/noticiasrec.com\/wp-content\/uploads\/2025\/08\/WhatsApp-Image-2025-08-15-at-21.23.57-1.jpeg 1600w\" sizes=\"auto, (max-width: 1024px) 100vw, 1024px\" \/><\/a><\/figure>\n<\/div>\n<\/div>\n\n\n\n<p>Con esta pol\u00edtica p\u00fablica, la gesti\u00f3n del intendente Ishii reafirma su compromiso de acercar soluciones concretas a cada barrio, garantizando el acceso gratuito a controles oftalmol\u00f3gicos y anteojos de calidad para los m\u00e1s chicos. <\/p>\n","protected":false},"excerpt":{"rendered":"<p>19 de Agosto 2025 El intendente Mario Ishii encabez\u00f3 una nueva entrega de lentes del..<\/p>\n","protected":false},"author":2,"featured_media":18023,"comment_status":"open","ping_status":"open","sticky":false,"template":"","format":"standard","meta":{"footnotes":""},"categories":[10,3,19],"tags":[],"class_list":["post-18022","post","type-post","status-publish","format-standard","has-post-thumbnail","hentry","category-jose-c-paz","category-municipios","category-salud"],"_links":{"self":[{"href":"https:\/\/noticiasrec.com\/index.php?rest_route=\/wp\/v2\/posts\/18022","targetHints":{"allow":["GET"]}}],"collection":[{"href":"https:\/\/noticiasrec.com\/index.php?rest_route=\/wp\/v2\/posts"}],"about":[{"href":"https:\/\/noticiasrec.com\/index.php?rest_route=\/wp\/v2\/types\/post"}],"author":[{"embeddable":true,"href":"https:\/\/noticiasrec.com\/index.php?rest_route=\/wp\/v2\/users\/2"}],"replies":[{"embeddable":true,"href":"https:\/\/noticiasrec.com\/index.php?rest_route=%2Fwp%2Fv2%2Fcomments&post=18022"}],"version-history":[{"count":1,"href":"https:\/\/noticiasrec.com\/index.php?rest_route=\/wp\/v2\/posts\/18022\/revisions"}],"predecessor-version":[{"id":18027,"href":"https:\/\/noticiasrec.com\/index.php?rest_route=\/wp\/v2\/posts\/18022\/revisions\/18027"}],"wp:featuredmedia":[{"embeddable":true,"href":"https:\/\/noticiasrec.com\/index.php?rest_route=\/wp\/v2\/media\/18023"}],"wp:attachment":[{"href":"https:\/\/noticiasrec.com\/index.php?rest_route=%2Fwp%2Fv2%2Fmedia&parent=18022"}],"wp:term":[{"taxonomy":"category","embeddable":true,"href":"https:\/\/noticiasrec.com\/index.php?rest_route=%2Fwp%2Fv2%2Fcategories&post=18022"},{"taxonomy":"post_tag","embeddable":true,"href":"https:\/\/noticiasrec.com\/index.php?rest_route=%2Fwp%2Fv2%2Ftags&post=18022"}],"curies":[{"name":"wp","href":"https:\/\/api.w.org\/{rel}","templated":true}]}}