{"id":17917,"date":"2025-08-12T20:03:48","date_gmt":"2025-08-12T20:03:48","guid":{"rendered":"http:\/\/noticiasrec.com\/?p=17917"},"modified":"2025-08-12T20:03:48","modified_gmt":"2025-08-12T20:03:48","slug":"inauguraron-el-nuevo-centro-comunitario-papa-francisco","status":"publish","type":"post","link":"https:\/\/noticiasrec.com\/?p=17917","title":{"rendered":"Inauguraron el nuevo Centro Comunitario Papa Francisco"},"content":{"rendered":"\n<p><strong>12 de Agosto 2025<\/strong><\/p>\n\n\n\n<p><strong>Federico Ach\u00e1val y Soledad Peralta presentaron el nuevo espacio a los vecinos. Es parte de la urbanizaci\u00f3n integral del barrio La Escondida.<\/strong><\/p>\n\n\n\n<p>El intendente<strong>\u00a0Federico Ach\u00e1val<\/strong>\u00a0y la primera candidata a concejal por Fuerza Patria Pilar,<strong>\u00a0Soledad Peralta<\/strong>, inauguraron este s\u00e1bado el nuevo\u00a0<strong>Centro Comunitario Papa Francisco<\/strong>, en el barrio\u00a0<strong>La Escondida, de Presidente Derqui.<\/strong><\/p>\n\n\n\n<p>Este es un nuevo multiespacio cultural y deportivo es parte de la transformaci\u00f3n integral del barrio.Junto a los vecinos,\u00a0Ach\u00e1val\u00a0destac\u00f3:\u00a0<strong>\u201cQueremos construir un mejor Pilar para todos y todas, por eso inauguramos este centro con el nombre del Papa Francisco, para poner en valor su mensaje de que nadie se salva solo\u201d.<\/strong><\/p>\n\n\n\n<p>Asimismo, Peralta se\u00f1al\u00f3: \u201cEstamos muy contentos de poder abrir las puertas de este nuevo centro, un lugar que pensamos para que la comunidad pueda encontrarse, compartir y disfrutar\u201d.<\/p>\n\n\n\n<figure class=\"wp-block-image size-full\"><a href=\"http:\/\/noticiasrec.com\/wp-content\/uploads\/2025\/08\/papa-francisco.webp\"><img loading=\"lazy\" decoding=\"async\" width=\"790\" height=\"526\" src=\"http:\/\/noticiasrec.com\/wp-content\/uploads\/2025\/08\/papa-francisco.webp\" alt=\"\" class=\"wp-image-17918\" srcset=\"https:\/\/noticiasrec.com\/wp-content\/uploads\/2025\/08\/papa-francisco.webp 790w, https:\/\/noticiasrec.com\/wp-content\/uploads\/2025\/08\/papa-francisco-300x200.webp 300w, https:\/\/noticiasrec.com\/wp-content\/uploads\/2025\/08\/papa-francisco-768x511.webp 768w\" sizes=\"auto, (max-width: 790px) 100vw, 790px\" \/><\/a><\/figure>\n\n\n\n<p>\u201cEste espacio forma parte de la transformaci\u00f3n profunda que estamos realizando en Derqui y en cada una de nuestras localidades\u201d, remarc\u00f3.<\/p>\n\n\n\n<p>\u201cCreemos que estos espacios son fundamentales, porque nuestra comunidad se identifica con ellos y los siente propios, por eso vamos a seguir trabajando para transformar los lugares de encuentro de todo Pilar\u201d, cerr\u00f3 la candidata a concejal.<\/p>\n\n\n\n<p>En el barrio La Escondida ya se ven\u00edan realizando, de manera avanzada, obras hidr\u00e1ulicas, asfaltos con cord\u00f3n cuneta y veredas, adem\u00e1s de luminarias LED. Una intervenci\u00f3n que cambi\u00f3 radicalmente la vida en una zona que durante d\u00e9cadas careci\u00f3 de infraestructura m\u00ednima.<\/p>\n\n\n\n<p><\/p>\n","protected":false},"excerpt":{"rendered":"<p>12 de Agosto 2025 Federico Ach\u00e1val y Soledad Peralta presentaron el nuevo espacio a los..<\/p>\n","protected":false},"author":2,"featured_media":17918,"comment_status":"open","ping_status":"open","sticky":false,"template":"","format":"standard","meta":{"footnotes":""},"categories":[7,3,11],"tags":[],"class_list":["post-17917","post","type-post","status-publish","format-standard","has-post-thumbnail","hentry","category-deportes","category-municipios","category-pilar"],"_links":{"self":[{"href":"https:\/\/noticiasrec.com\/index.php?rest_route=\/wp\/v2\/posts\/17917","targetHints":{"allow":["GET"]}}],"collection":[{"href":"https:\/\/noticiasrec.com\/index.php?rest_route=\/wp\/v2\/posts"}],"about":[{"href":"https:\/\/noticiasrec.com\/index.php?rest_route=\/wp\/v2\/types\/post"}],"author":[{"embeddable":true,"href":"https:\/\/noticiasrec.com\/index.php?rest_route=\/wp\/v2\/users\/2"}],"replies":[{"embeddable":true,"href":"https:\/\/noticiasrec.com\/index.php?rest_route=%2Fwp%2Fv2%2Fcomments&post=17917"}],"version-history":[{"count":1,"href":"https:\/\/noticiasrec.com\/index.php?rest_route=\/wp\/v2\/posts\/17917\/revisions"}],"predecessor-version":[{"id":17919,"href":"https:\/\/noticiasrec.com\/index.php?rest_route=\/wp\/v2\/posts\/17917\/revisions\/17919"}],"wp:featuredmedia":[{"embeddable":true,"href":"https:\/\/noticiasrec.com\/index.php?rest_route=\/wp\/v2\/media\/17918"}],"wp:attachment":[{"href":"https:\/\/noticiasrec.com\/index.php?rest_route=%2Fwp%2Fv2%2Fmedia&parent=17917"}],"wp:term":[{"taxonomy":"category","embeddable":true,"href":"https:\/\/noticiasrec.com\/index.php?rest_route=%2Fwp%2Fv2%2Fcategories&post=17917"},{"taxonomy":"post_tag","embeddable":true,"href":"https:\/\/noticiasrec.com\/index.php?rest_route=%2Fwp%2Fv2%2Ftags&post=17917"}],"curies":[{"name":"wp","href":"https:\/\/api.w.org\/{rel}","templated":true}]}}