{"id":17842,"date":"2025-07-30T15:02:48","date_gmt":"2025-07-30T15:02:48","guid":{"rendered":"http:\/\/noticiasrec.com\/?p=17842"},"modified":"2025-07-30T15:02:48","modified_gmt":"2025-07-30T15:02:48","slug":"el-municipio-de-jose-c-paz-acerca-servicios-esenciales-a-los-vecinos-con-gobierno-en-tu-barrio","status":"publish","type":"post","link":"https:\/\/noticiasrec.com\/?p=17842","title":{"rendered":"El municipio de Jos\u00e9 C. Paz acerca servicios esenciales a los vecinos con \u201cGobierno en tu Barrio\u201d"},"content":{"rendered":"\n<p><strong>30 de Julio 2025<\/strong> <\/p>\n\n\n\n<p>La Municipalidad de Jos\u00e9 C. Paz, bajo la intendencia de Mario Ishii a trav\u00e9s de la Secretar\u00eda de Gobierno realizar\u00e1 la primera edici\u00f3n de \u201cGobierno en Tu Barrio\u201d en conjunto con el Ministerio de Desarrollo de la Comunidad provincial, una iniciativa que busca acercar servicios y soluciones a los vecinos directamente en sus comunidades. La jornada se realizar\u00e1 este mi\u00e9rcoles 30 de julio, de 12 a 17 hs, en la Plaza Manuel Belgrano, ubicada en Roque S\u00e1enz Pe\u00f1a y Altube.<\/p>\n\n\n\n<figure class=\"wp-block-image size-large is-resized\"><a href=\"http:\/\/noticiasrec.com\/wp-content\/uploads\/2025\/07\/WhatsApp-Image-2025-07-29-at-13.18.58.jpeg\"><img loading=\"lazy\" decoding=\"async\" width=\"724\" height=\"1024\" src=\"http:\/\/noticiasrec.com\/wp-content\/uploads\/2025\/07\/WhatsApp-Image-2025-07-29-at-13.18.58-724x1024.jpeg\" alt=\"\" class=\"wp-image-17843\" style=\"width:338px;height:auto\" srcset=\"https:\/\/noticiasrec.com\/wp-content\/uploads\/2025\/07\/WhatsApp-Image-2025-07-29-at-13.18.58-724x1024.jpeg 724w, https:\/\/noticiasrec.com\/wp-content\/uploads\/2025\/07\/WhatsApp-Image-2025-07-29-at-13.18.58-212x300.jpeg 212w, https:\/\/noticiasrec.com\/wp-content\/uploads\/2025\/07\/WhatsApp-Image-2025-07-29-at-13.18.58-768x1086.jpeg 768w, https:\/\/noticiasrec.com\/wp-content\/uploads\/2025\/07\/WhatsApp-Image-2025-07-29-at-13.18.58-1086x1536.jpeg 1086w, https:\/\/noticiasrec.com\/wp-content\/uploads\/2025\/07\/WhatsApp-Image-2025-07-29-at-13.18.58.jpeg 1131w\" sizes=\"auto, (max-width: 724px) 100vw, 724px\" \/><\/a><\/figure>\n\n\n\n<p>Este programa integral, resultado de la articulaci\u00f3n entre diversas secretar\u00edas municipales y ministerios provinciales, tiene como objetivo principal garantizar el acceso a derechos y mejorar la calidad de vida de los pace\u00f1os. En esta oportunidad, los vecinos podr\u00e1n acceder a una amplia gama de prestaciones y asesoramiento.<\/p>\n\n\n\n<p>Servicios disponibles en la jornada:<\/p>\n\n\n\n<p>Ministerio de Desarrollo de la Comunidad:<\/p>\n\n\n\n<p>\u2022 Direcci\u00f3n de Atenci\u00f3n a Familias en Situaci\u00f3n de Calle (entrega de kits de abrigo y organizaci\u00f3n de la jornada).<br>\u2022 Direcci\u00f3n de Discapacidad.<\/p>\n\n\n\n<p>\u2022 Direcci\u00f3n de Adultos Mayores.<\/p>\n\n\n\n<p>Ministerio de Salud:<br>\u2022 Salud Comunitaria.<br>\u2022 SAPS (Servicio de Atenci\u00f3n Primaria de la Salud).<br>\u2022 Ministerio de Mujeres y Diversidades:<br>\u2022 L\u00ednea 144 (Primera Escucha, articulaci\u00f3n Red de Hogares).<br>\u2022 Direcci\u00f3n de Abordaje Territorial.<\/p>\n\n\n\n<p>Municipalidad de Jos\u00e9 C. Paz &#8211; Secretar\u00eda de Gobierno:<\/p>\n\n\n\n<p>\u2022 Programa Envi\u00f3n.<br>\u2022 Centro de Emergentes Sociales.<br>\u2022 Vacunatorio.<br>\u2022 Gesti\u00f3n Social y Asistencia Directa con Farmacia Social.<br>\u2022 Consejer\u00eda Barrial.<br>\u2022 FINES 2.<br>\u2022 Acci\u00f3n Comunitaria.<br>\u2022 Centro de D\u00eda \u00abLa Bella Estaci\u00f3n\u00bb.<\/p>\n\n\n\n<p>\u201cGobierno en Tu Barrio\u201d es una muestra del compromiso de la gesti\u00f3n del Intendente Ishii con la cercan\u00eda, la inclusi\u00f3n y la respuesta a las necesidades de los vecinos, fortaleciendo la presencia del estado municipal en cada rinc\u00f3n del distrito. Se invita a toda la comunidad a acercarse y aprovechar los servicios ofrecidos. <\/p>\n","protected":false},"excerpt":{"rendered":"<p>30 de Julio 2025 La Municipalidad de Jos\u00e9 C. Paz, bajo la intendencia de Mario..<\/p>\n","protected":false},"author":2,"featured_media":17843,"comment_status":"open","ping_status":"open","sticky":false,"template":"","format":"standard","meta":{"footnotes":""},"categories":[10,3,19],"tags":[],"class_list":["post-17842","post","type-post","status-publish","format-standard","has-post-thumbnail","hentry","category-jose-c-paz","category-municipios","category-salud"],"_links":{"self":[{"href":"https:\/\/noticiasrec.com\/index.php?rest_route=\/wp\/v2\/posts\/17842","targetHints":{"allow":["GET"]}}],"collection":[{"href":"https:\/\/noticiasrec.com\/index.php?rest_route=\/wp\/v2\/posts"}],"about":[{"href":"https:\/\/noticiasrec.com\/index.php?rest_route=\/wp\/v2\/types\/post"}],"author":[{"embeddable":true,"href":"https:\/\/noticiasrec.com\/index.php?rest_route=\/wp\/v2\/users\/2"}],"replies":[{"embeddable":true,"href":"https:\/\/noticiasrec.com\/index.php?rest_route=%2Fwp%2Fv2%2Fcomments&post=17842"}],"version-history":[{"count":1,"href":"https:\/\/noticiasrec.com\/index.php?rest_route=\/wp\/v2\/posts\/17842\/revisions"}],"predecessor-version":[{"id":17844,"href":"https:\/\/noticiasrec.com\/index.php?rest_route=\/wp\/v2\/posts\/17842\/revisions\/17844"}],"wp:featuredmedia":[{"embeddable":true,"href":"https:\/\/noticiasrec.com\/index.php?rest_route=\/wp\/v2\/media\/17843"}],"wp:attachment":[{"href":"https:\/\/noticiasrec.com\/index.php?rest_route=%2Fwp%2Fv2%2Fmedia&parent=17842"}],"wp:term":[{"taxonomy":"category","embeddable":true,"href":"https:\/\/noticiasrec.com\/index.php?rest_route=%2Fwp%2Fv2%2Fcategories&post=17842"},{"taxonomy":"post_tag","embeddable":true,"href":"https:\/\/noticiasrec.com\/index.php?rest_route=%2Fwp%2Fv2%2Ftags&post=17842"}],"curies":[{"name":"wp","href":"https:\/\/api.w.org\/{rel}","templated":true}]}}