{"id":17532,"date":"2025-06-26T11:15:43","date_gmt":"2025-06-26T11:15:43","guid":{"rendered":"http:\/\/noticiasrec.com\/?p=17532"},"modified":"2025-06-26T11:15:43","modified_gmt":"2025-06-26T11:15:43","slug":"juan-andreotti-tomo-la-promesa-a-la-bandera-de-alumnos-de-58-escuelas-de-san-fernando","status":"publish","type":"post","link":"https:\/\/noticiasrec.com\/?p=17532","title":{"rendered":"Juan Andreotti tom\u00f3 la Promesa a la Bandera de alumnos de 58 escuelas de San Fernando"},"content":{"rendered":"\n<p><strong>26 de Junio 2025<\/strong> <\/p>\n\n\n\n<p><strong>El Intendente de San Fernando brind\u00f3 un discurso a los alumnos de 4to. Grado: \u00abLa Bandera nos representa y nos hace sentir parte de esta gran Argentina que tenemos; por eso, no hay mejor manera de honrarla que ser buenas personas\u00bb.<\/strong><\/p>\n\n\n\n<p>El&nbsp;Municipio organiz\u00f3 en el Microestadio del Polideportivo N\u00b02 un&nbsp;emotivo acto de Promesa a la Bandera del que participaron&nbsp;alumnas y alumnos de 4to. Grado de 58 escuelas p\u00fablicas y privadas de San Fernando,&nbsp;y&nbsp;sus padres y familiares.&nbsp;El Intendente Juan Andreotti&nbsp;pronunci\u00f3 un discurso y luego&nbsp;tom\u00f3&nbsp;la promesa&nbsp;a los estudiantes de lealtad, amor y respeto a la Bandera&nbsp;nacional.<\/p>\n\n\n\n<figure class=\"wp-block-image size-full is-resized\"><a href=\"http:\/\/noticiasrec.com\/wp-content\/uploads\/2025\/06\/685c88bd2708f_715_532.webp\"><img loading=\"lazy\" decoding=\"async\" width=\"715\" height=\"532\" src=\"http:\/\/noticiasrec.com\/wp-content\/uploads\/2025\/06\/685c88bd2708f_715_532.webp\" alt=\"\" class=\"wp-image-17533\" style=\"width:620px;height:auto\" srcset=\"https:\/\/noticiasrec.com\/wp-content\/uploads\/2025\/06\/685c88bd2708f_715_532.webp 715w, https:\/\/noticiasrec.com\/wp-content\/uploads\/2025\/06\/685c88bd2708f_715_532-300x223.webp 300w\" sizes=\"auto, (max-width: 715px) 100vw, 715px\" \/><\/a><\/figure>\n\n\n\n<p>Luego del acto formal, el Intendente expres\u00f3: \u00ab<strong>Es una los alumnos y sus familias, porque la Bandera nos representa y nos hace sentir parte de algo mucho m\u00e1s grande que nosotros mismos; todos somos parte de esta gran Argentina que tenemos, tan diversa y hermosa&nbsp;alegr\u00eda poder compartir este d\u00eda con los alumnos y sus familias, porque la Bandera nos representa y nos hace sentir parte de algo mucho m\u00e1s grande que nosotros mismos; todos somos parte de esta gran Argentina que tenemos, tan diversa y hermosa\u00bb.<\/strong><\/p>\n\n\n\n<figure class=\"wp-block-image size-full is-resized\"><a href=\"http:\/\/noticiasrec.com\/wp-content\/uploads\/2025\/06\/685c88d16be1a_715_510.webp\"><img loading=\"lazy\" decoding=\"async\" width=\"715\" height=\"510\" src=\"http:\/\/noticiasrec.com\/wp-content\/uploads\/2025\/06\/685c88d16be1a_715_510.webp\" alt=\"\" class=\"wp-image-17534\" style=\"width:623px;height:auto\" srcset=\"https:\/\/noticiasrec.com\/wp-content\/uploads\/2025\/06\/685c88d16be1a_715_510.webp 715w, https:\/\/noticiasrec.com\/wp-content\/uploads\/2025\/06\/685c88d16be1a_715_510-300x214.webp 300w\" sizes=\"auto, (max-width: 715px) 100vw, 715px\" \/><\/a><\/figure>\n\n\n\n<p><strong>\u00abHonrar a la Bandera es ser buen compa\u00f1ero y cuidar al de al lado. Es cuidar el medio ambiente, nuestros r\u00edos, bosques y \u00e1rboles, porque cuidando la naturaleza estamos cuidando a todos los animales y seres vivos que conviven con nosotros. Porque las buenas acciones hacen que cuidemos a la Bandera: ser el primero en dar el asiento a una abuela en el colectivo; en ayudar a un amiguito que lo necesite; el que adopta y cuida a un animalito. Porque les aseguro que no hay mejor manera de honrar a la bandera que ser buenas personas<\/strong>\u00ab, concluy\u00f3\u00a0Juan Andreotti. <\/p>\n\n\n\n<p>En tanto,&nbsp;la Secretaria de Desarrollo Social, Educaci\u00f3n y Medio Ambiente,&nbsp;Eva Andreotti, agreg\u00f3:&nbsp;<strong>\u00ab<\/strong><strong>Una promesa m\u00e1s en el D\u00eda de la Bandera con alumnas y alumnos de 4to. Grado de escuelas primarias p\u00fablicas y privadas de nuestro distrito. Es uno de los eventos m\u00e1s lindos del Municipio, la jornada en la que prometen la Bandera, y muy felices de recibir a las familias que vinieron a acompa\u00f1arlos. Adem\u00e1s, muy contentos por todo este amor por nuestra Patria que representa la promesa a la Bandera\u00bb.<\/strong><\/p>\n\n\n\n<p>Participaron del acto autoridades municipales, concejales, consejeros escolares, autoridades educativas provinciales y representantes de las instituciones del distrito. <\/p>\n\n\n\n<p><\/p>\n","protected":false},"excerpt":{"rendered":"<p>26 de Junio 2025 El Intendente de San Fernando brind\u00f3 un discurso a los alumnos..<\/p>\n","protected":false},"author":2,"featured_media":17535,"comment_status":"open","ping_status":"open","sticky":false,"template":"","format":"standard","meta":{"footnotes":""},"categories":[12,3,72,1397],"tags":[],"class_list":["post-17532","post","type-post","status-publish","format-standard","has-post-thumbnail","hentry","category-escobar","category-municipios","category-san-fernando","category-san-fernando-municipios"],"_links":{"self":[{"href":"https:\/\/noticiasrec.com\/index.php?rest_route=\/wp\/v2\/posts\/17532","targetHints":{"allow":["GET"]}}],"collection":[{"href":"https:\/\/noticiasrec.com\/index.php?rest_route=\/wp\/v2\/posts"}],"about":[{"href":"https:\/\/noticiasrec.com\/index.php?rest_route=\/wp\/v2\/types\/post"}],"author":[{"embeddable":true,"href":"https:\/\/noticiasrec.com\/index.php?rest_route=\/wp\/v2\/users\/2"}],"replies":[{"embeddable":true,"href":"https:\/\/noticiasrec.com\/index.php?rest_route=%2Fwp%2Fv2%2Fcomments&post=17532"}],"version-history":[{"count":1,"href":"https:\/\/noticiasrec.com\/index.php?rest_route=\/wp\/v2\/posts\/17532\/revisions"}],"predecessor-version":[{"id":17536,"href":"https:\/\/noticiasrec.com\/index.php?rest_route=\/wp\/v2\/posts\/17532\/revisions\/17536"}],"wp:featuredmedia":[{"embeddable":true,"href":"https:\/\/noticiasrec.com\/index.php?rest_route=\/wp\/v2\/media\/17535"}],"wp:attachment":[{"href":"https:\/\/noticiasrec.com\/index.php?rest_route=%2Fwp%2Fv2%2Fmedia&parent=17532"}],"wp:term":[{"taxonomy":"category","embeddable":true,"href":"https:\/\/noticiasrec.com\/index.php?rest_route=%2Fwp%2Fv2%2Fcategories&post=17532"},{"taxonomy":"post_tag","embeddable":true,"href":"https:\/\/noticiasrec.com\/index.php?rest_route=%2Fwp%2Fv2%2Ftags&post=17532"}],"curies":[{"name":"wp","href":"https:\/\/api.w.org\/{rel}","templated":true}]}}