{"id":17283,"date":"2025-05-28T19:41:18","date_gmt":"2025-05-28T19:41:18","guid":{"rendered":"http:\/\/noticiasrec.com\/?p=17283"},"modified":"2025-05-28T19:41:18","modified_gmt":"2025-05-28T19:41:18","slug":"un-policia-evito-que-una-mujer-se-arrojara-desde-un-puente-a-la-panamericana","status":"publish","type":"post","link":"https:\/\/noticiasrec.com\/?p=17283","title":{"rendered":"Un polic\u00eda evit\u00f3 que una mujer se arrojara desde un puente a la Panamericana"},"content":{"rendered":"\n<p><strong>28 de Mayo 2025<\/strong><\/p>\n\n\n\n<p><em><strong>La joven de 34 a\u00f1os atravesaba una fuerte crisis emocional cuando fue rescatada por efectivos de la Polic\u00eda Bonaerense. Ocurri\u00f3 a la altura de Ingeniero Maschwitz.<\/strong><\/em><\/p>\n\n\n\n<p>Una mujer de 34 a\u00f1os que sufre problemas de salud mental intent\u00f3 quitarse la vida arroj\u00e1ndose desde una pasarela peatonal hacia la autopista Panamericana, a la altura del kil\u00f3metro 42,500 en Ingeniero Maschwitz. Gracias a la intervenci\u00f3n de un efectivo de la Polic\u00eda Bonaerense, la mujer dio marcha atr\u00e1s en su decisi\u00f3n.<\/p>\n\n\n\n<figure class=\"wp-block-image size-full is-resized\"><a href=\"http:\/\/noticiasrec.com\/wp-content\/uploads\/2025\/05\/suicidio-panamericana-letras.webp\"><img loading=\"lazy\" decoding=\"async\" width=\"790\" height=\"501\" src=\"http:\/\/noticiasrec.com\/wp-content\/uploads\/2025\/05\/suicidio-panamericana-letras.webp\" alt=\"\" class=\"wp-image-17284\" style=\"width:697px;height:auto\" srcset=\"https:\/\/noticiasrec.com\/wp-content\/uploads\/2025\/05\/suicidio-panamericana-letras.webp 790w, https:\/\/noticiasrec.com\/wp-content\/uploads\/2025\/05\/suicidio-panamericana-letras-300x190.webp 300w, https:\/\/noticiasrec.com\/wp-content\/uploads\/2025\/05\/suicidio-panamericana-letras-768x487.webp 768w\" sizes=\"auto, (max-width: 790px) 100vw, 790px\" \/><\/a><\/figure>\n\n\n\n<p>El hecho ocurri\u00f3 en el puente peatonal ubicado sobre la Colectora Oeste del ramal Campana, frente al barrio Lambar\u00e9. La mujer estaba del lado externo de la baranda, en un estado de fuerte alteraci\u00f3n, con intenciones de lanzarse al vac\u00edo.<\/p>\n\n\n\n<p>Seg\u00fan inform\u00f3&nbsp;<em>El D\u00eda de Escobar<\/em>, en ese momento, efectivos de la Fuerza Barrial de Aproximaci\u00f3n (FBA IX) que realizaban tareas de patrullaje preventivo observaron la situaci\u00f3n y actuaron ante la situaci\u00f3n. Uno de los polic\u00edas cruz\u00f3 el alambrado y, con ayuda de sus compa\u00f1eros, contuvo a la mujer, desarm\u00f3 parte del enrejado y logr\u00f3 ponerla a salvo.<\/p>\n\n\n\n<p>Minutos despu\u00e9s, una ambulancia del SAME lleg\u00f3 al lugar y traslad\u00f3 a la mujer al Hospital Provincial Enrique Erill, donde qued\u00f3 internada y recibi\u00f3 asistencia por parte del equipo de salud mental. Seg\u00fan indicaron fuentes cercanas al caso a&nbsp;<em>El D\u00eda de Escobar<\/em>, la joven tendr\u00eda antecedentes psiqui\u00e1tricos y su madre confirm\u00f3 que se encuentra bajo tratamiento.<\/p>\n\n\n\n<p>En el operativo tambi\u00e9n participaron bomberos voluntarios de Maschwitz y personal de Defensa Civil. La causa qued\u00f3 en manos del Juzgado de Familia de Escobar, que determinar\u00e1 las acciones a seguir. <\/p>\n","protected":false},"excerpt":{"rendered":"<p>28 de Mayo 2025 La joven de 34 a\u00f1os atravesaba una fuerte crisis emocional cuando..<\/p>\n","protected":false},"author":2,"featured_media":17284,"comment_status":"open","ping_status":"open","sticky":false,"template":"","format":"standard","meta":{"footnotes":""},"categories":[12,18],"tags":[],"class_list":["post-17283","post","type-post","status-publish","format-standard","has-post-thumbnail","hentry","category-escobar","category-policiales"],"_links":{"self":[{"href":"https:\/\/noticiasrec.com\/index.php?rest_route=\/wp\/v2\/posts\/17283","targetHints":{"allow":["GET"]}}],"collection":[{"href":"https:\/\/noticiasrec.com\/index.php?rest_route=\/wp\/v2\/posts"}],"about":[{"href":"https:\/\/noticiasrec.com\/index.php?rest_route=\/wp\/v2\/types\/post"}],"author":[{"embeddable":true,"href":"https:\/\/noticiasrec.com\/index.php?rest_route=\/wp\/v2\/users\/2"}],"replies":[{"embeddable":true,"href":"https:\/\/noticiasrec.com\/index.php?rest_route=%2Fwp%2Fv2%2Fcomments&post=17283"}],"version-history":[{"count":1,"href":"https:\/\/noticiasrec.com\/index.php?rest_route=\/wp\/v2\/posts\/17283\/revisions"}],"predecessor-version":[{"id":17285,"href":"https:\/\/noticiasrec.com\/index.php?rest_route=\/wp\/v2\/posts\/17283\/revisions\/17285"}],"wp:featuredmedia":[{"embeddable":true,"href":"https:\/\/noticiasrec.com\/index.php?rest_route=\/wp\/v2\/media\/17284"}],"wp:attachment":[{"href":"https:\/\/noticiasrec.com\/index.php?rest_route=%2Fwp%2Fv2%2Fmedia&parent=17283"}],"wp:term":[{"taxonomy":"category","embeddable":true,"href":"https:\/\/noticiasrec.com\/index.php?rest_route=%2Fwp%2Fv2%2Fcategories&post=17283"},{"taxonomy":"post_tag","embeddable":true,"href":"https:\/\/noticiasrec.com\/index.php?rest_route=%2Fwp%2Fv2%2Ftags&post=17283"}],"curies":[{"name":"wp","href":"https:\/\/api.w.org\/{rel}","templated":true}]}}