{"id":16006,"date":"2025-01-08T20:06:46","date_gmt":"2025-01-08T20:06:46","guid":{"rendered":"http:\/\/noticiasrec.com\/?p=16006"},"modified":"2025-01-08T20:06:46","modified_gmt":"2025-01-08T20:06:46","slug":"seguridad-en-escobar-invertiran-3-500-millones-para-equipar-con-tecnologia-a-la-nueva-policia-local","status":"publish","type":"post","link":"https:\/\/noticiasrec.com\/?p=16006","title":{"rendered":"Seguridad en Escobar: invertir\u00e1n $3.500 millones para equipar con tecnolog\u00eda a la nueva Polic\u00eda local"},"content":{"rendered":"\n<p><strong>08 de Enero 2025<\/strong><\/p>\n\n\n\n<p><strong>\u201cBuscamos una protecci\u00f3n cada vez mayor y que nuestra gente camine tranquila y viva mejor\u201d, se\u00f1al\u00f3 el intendente Ariel Sujarchuk sobre esta nueva etapa del plan que contempla una inversi\u00f3n total de $16.120 millones.<\/strong><\/p>\n\n\n\n<p>La municipalidad de Escobar\u00a0dio a conocer que public\u00f3 una<strong>\u00a0licitaci\u00f3n por $3.500 millones<\/strong>\u00a0para adquirir\u00a0<strong>insumos tecnol\u00f3gicos de seguridad de \u00faltima generaci\u00f3n<\/strong>, que incluyen el uso de\u00a0<strong>inteligencia artificial.<\/strong>\u00a0<\/p>\n\n\n\n<p>Con esta convocatoria, desde la comuna se sigue desarrollando el ambicioso\u00a0<strong>plan de seguridad\u00a0<\/strong>presentado por el intendente Ariel Sujarchuk\u00a0en octubre de 2024, que contempla\u00a0<strong>una inversi\u00f3n total de $16.120 millones-<\/strong><\/p>\n\n\n\n<figure class=\"wp-block-image size-large\"><a href=\"http:\/\/noticiasrec.com\/wp-content\/uploads\/2025\/01\/2-11.jpg.webp\"><img loading=\"lazy\" decoding=\"async\" width=\"1024\" height=\"577\" src=\"http:\/\/noticiasrec.com\/wp-content\/uploads\/2025\/01\/2-11.jpg-1024x577.webp\" alt=\"\" class=\"wp-image-16007\" srcset=\"https:\/\/noticiasrec.com\/wp-content\/uploads\/2025\/01\/2-11.jpg-1024x577.webp 1024w, https:\/\/noticiasrec.com\/wp-content\/uploads\/2025\/01\/2-11.jpg-300x169.webp 300w, https:\/\/noticiasrec.com\/wp-content\/uploads\/2025\/01\/2-11.jpg-768x433.webp 768w, https:\/\/noticiasrec.com\/wp-content\/uploads\/2025\/01\/2-11.jpg.webp 1200w\" sizes=\"auto, (max-width: 1024px) 100vw, 1024px\" \/><\/a><\/figure>\n\n\n\n<p>El mismo abarca la creaci\u00f3n de la&nbsp;<strong>Polic\u00eda Municipal&nbsp;<\/strong>y una&nbsp;<strong>Guardia Urbana<\/strong>&nbsp;equipada con tecnolog\u00eda avanzada, nuevos m\u00f3viles, tel\u00e9fonos y radios encriptados, drones para patrullajes y, tambi\u00e9n, la ampliaci\u00f3n y modernizaci\u00f3n del Centro de Monitoreo.&nbsp;<\/p>\n\n\n\n<h2 class=\"wp-block-heading\">Qu\u00e9 tecnolog\u00eda sumar\u00e1 la Polic\u00eda local<\/h2>\n\n\n\n<p>De acuerdo a lo informado,<strong>&nbsp;la licitaci\u00f3n establece la compra de bodycams, c\u00e1maras para patrulleros y motos, y la actualizaci\u00f3n del Centro de Monitoreo con la implementaci\u00f3n de nuevas herramientas tecnol\u00f3gicas<\/strong>&nbsp;que facilitar\u00e1n la gesti\u00f3n de los sistemas de informaci\u00f3n, el an\u00e1lisis de incidentes y el reporte de eventos.&nbsp;<strong>La apertura de pliegos junto con la adjudicaci\u00f3n est\u00e1n fijadas para el lunes 3 de febrero.<\/strong><\/p>\n\n\n\n<p>Una de las principales obras planteadas en la licitaci\u00f3n es la&nbsp;<strong>instalaci\u00f3n de alrededor de 230 kil\u00f3metros de fibra \u00f3ptica en el distrito<\/strong>&nbsp;con tecnolog\u00eda GPON, que a diferencia de la fibra \u00f3ptica convencional favorece una mayor velocidad de internet y aumenta la seguridad en la transmisi\u00f3n de datos.&nbsp;<\/p>\n\n\n\n<figure class=\"wp-block-image size-full is-resized\"><a href=\"http:\/\/noticiasrec.com\/wp-content\/uploads\/2025\/01\/1-9.jpg.webp\"><img loading=\"lazy\" decoding=\"async\" width=\"1024\" height=\"577\" src=\"http:\/\/noticiasrec.com\/wp-content\/uploads\/2025\/01\/1-9.jpg.webp\" alt=\"\" class=\"wp-image-16008\" style=\"width:822px;height:auto\" srcset=\"https:\/\/noticiasrec.com\/wp-content\/uploads\/2025\/01\/1-9.jpg.webp 1024w, https:\/\/noticiasrec.com\/wp-content\/uploads\/2025\/01\/1-9.jpg-300x169.webp 300w, https:\/\/noticiasrec.com\/wp-content\/uploads\/2025\/01\/1-9.jpg-768x433.webp 768w\" sizes=\"auto, (max-width: 1024px) 100vw, 1024px\" \/><\/a><\/figure>\n\n\n\n<p>A partir de este avance, cada localidad del partido de Escobar tendr\u00e1 su propio cableado de fibra \u00f3ptica, lo cual permitir\u00e1 una reconversi\u00f3n tecnol\u00f3gica en la totalidad de las c\u00e1maras actuales del Centro de Monitoreo e incrementar en un 50% su cantidad.\u00a0 <\/p>\n","protected":false},"excerpt":{"rendered":"<p>08 de Enero 2025 \u201cBuscamos una protecci\u00f3n cada vez mayor y que nuestra gente camine..<\/p>\n","protected":false},"author":2,"featured_media":16007,"comment_status":"open","ping_status":"open","sticky":false,"template":"","format":"standard","meta":{"footnotes":""},"categories":[12,3],"tags":[],"class_list":["post-16006","post","type-post","status-publish","format-standard","has-post-thumbnail","hentry","category-escobar","category-municipios"],"_links":{"self":[{"href":"https:\/\/noticiasrec.com\/index.php?rest_route=\/wp\/v2\/posts\/16006","targetHints":{"allow":["GET"]}}],"collection":[{"href":"https:\/\/noticiasrec.com\/index.php?rest_route=\/wp\/v2\/posts"}],"about":[{"href":"https:\/\/noticiasrec.com\/index.php?rest_route=\/wp\/v2\/types\/post"}],"author":[{"embeddable":true,"href":"https:\/\/noticiasrec.com\/index.php?rest_route=\/wp\/v2\/users\/2"}],"replies":[{"embeddable":true,"href":"https:\/\/noticiasrec.com\/index.php?rest_route=%2Fwp%2Fv2%2Fcomments&post=16006"}],"version-history":[{"count":1,"href":"https:\/\/noticiasrec.com\/index.php?rest_route=\/wp\/v2\/posts\/16006\/revisions"}],"predecessor-version":[{"id":16009,"href":"https:\/\/noticiasrec.com\/index.php?rest_route=\/wp\/v2\/posts\/16006\/revisions\/16009"}],"wp:featuredmedia":[{"embeddable":true,"href":"https:\/\/noticiasrec.com\/index.php?rest_route=\/wp\/v2\/media\/16007"}],"wp:attachment":[{"href":"https:\/\/noticiasrec.com\/index.php?rest_route=%2Fwp%2Fv2%2Fmedia&parent=16006"}],"wp:term":[{"taxonomy":"category","embeddable":true,"href":"https:\/\/noticiasrec.com\/index.php?rest_route=%2Fwp%2Fv2%2Fcategories&post=16006"},{"taxonomy":"post_tag","embeddable":true,"href":"https:\/\/noticiasrec.com\/index.php?rest_route=%2Fwp%2Fv2%2Ftags&post=16006"}],"curies":[{"name":"wp","href":"https:\/\/api.w.org\/{rel}","templated":true}]}}