{"id":15441,"date":"2024-11-04T19:18:52","date_gmt":"2024-11-04T19:18:52","guid":{"rendered":"http:\/\/noticiasrec.com\/?p=15441"},"modified":"2024-11-04T19:18:52","modified_gmt":"2024-11-04T19:18:52","slug":"aprueban-proyecto-de-sujarchuk-para-crear-la-policia-municipal-y-la-guardia-urbana-de-escobar","status":"publish","type":"post","link":"https:\/\/noticiasrec.com\/?p=15441","title":{"rendered":"Aprueban proyecto de Sujarchuk para crear la Polic\u00eda Municipal y la Guardia Urbana de Escobar"},"content":{"rendered":"\n<p><strong>04 de Noviembre 2024<\/strong> <\/p>\n\n\n\n<p><strong>Con esto, el distrito podr\u00e1 contar con nuevas fuerzas de prevenci\u00f3n especializadas e incorporar\u00e1 herramientas tecnol\u00f3gicas.<\/strong> <\/p>\n\n\n\n<p>El Honorable Concejo Deliberante de<strong>\u00a0Escobar<\/strong>\u00a0aprob\u00f3 por unanimidad la ordenanza impulsada por el intendente\u00a0<strong>Ariel Sujarchuk<\/strong>\u00a0que establece la creaci\u00f3n de la Polic\u00eda Municipal y la Guardia Urbana de Escobar, un proyecto que hab\u00eda sido tratado en plenario de comisiones ampliadas del HCD con la presencia del propio jefe comunal. De esta manera, Escobar podr\u00e1 contar con nuevas fuerzas de prevenci\u00f3n especializadas e incorporar\u00e1 herramientas tecnol\u00f3gicas para profundizar las pol\u00edticas p\u00fablicas en el \u00e1rea de seguridad y mejorar los dispositivos de cuidado de toda la ciudadan\u00eda.<\/p>\n\n\n\n<figure class=\"wp-block-image size-large is-resized\"><a href=\"http:\/\/noticiasrec.com\/wp-content\/uploads\/2024\/11\/multimedia.grande.8a0fb69c13e076c5.U2UgYXByb2LDsyBwb3IgdW5hbmltaWRhZCBlbCBwcm95X2dyYW5kZS53ZWJw.webp\"><img loading=\"lazy\" decoding=\"async\" width=\"1024\" height=\"682\" src=\"http:\/\/noticiasrec.com\/wp-content\/uploads\/2024\/11\/multimedia.grande.8a0fb69c13e076c5.U2UgYXByb2LDsyBwb3IgdW5hbmltaWRhZCBlbCBwcm95X2dyYW5kZS53ZWJw-1024x682.webp\" alt=\"\" class=\"wp-image-15442\" style=\"width:681px;height:auto\" srcset=\"https:\/\/noticiasrec.com\/wp-content\/uploads\/2024\/11\/multimedia.grande.8a0fb69c13e076c5.U2UgYXByb2LDsyBwb3IgdW5hbmltaWRhZCBlbCBwcm95X2dyYW5kZS53ZWJw-1024x682.webp 1024w, https:\/\/noticiasrec.com\/wp-content\/uploads\/2024\/11\/multimedia.grande.8a0fb69c13e076c5.U2UgYXByb2LDsyBwb3IgdW5hbmltaWRhZCBlbCBwcm95X2dyYW5kZS53ZWJw-300x200.webp 300w, https:\/\/noticiasrec.com\/wp-content\/uploads\/2024\/11\/multimedia.grande.8a0fb69c13e076c5.U2UgYXByb2LDsyBwb3IgdW5hbmltaWRhZCBlbCBwcm95X2dyYW5kZS53ZWJw-768x511.webp 768w, https:\/\/noticiasrec.com\/wp-content\/uploads\/2024\/11\/multimedia.grande.8a0fb69c13e076c5.U2UgYXByb2LDsyBwb3IgdW5hbmltaWRhZCBlbCBwcm95X2dyYW5kZS53ZWJw-1536x1022.webp 1536w, https:\/\/noticiasrec.com\/wp-content\/uploads\/2024\/11\/multimedia.grande.8a0fb69c13e076c5.U2UgYXByb2LDsyBwb3IgdW5hbmltaWRhZCBlbCBwcm95X2dyYW5kZS53ZWJw.webp 1600w\" sizes=\"auto, (max-width: 1024px) 100vw, 1024px\" \/><\/a><\/figure>\n\n\n\n<p><strong>Agradecimiento<\/strong><\/p>\n\n\n\n<p>\u201cQuiero agradecer a los concejales de todos los bloques y un especial reconocimiento a los de la oposici\u00f3n que trabajaron intensamente en consensuar un proyecto muy importante para nuestra comunidad. A partir de ahora vamos a continuar con la tarea de capacitaci\u00f3n, incorporaremos inteligencia artificial, armas no letales y nuevos agentes para comenzar una nueva era en la seguridad del distrito\u201d, expres\u00f3 Sujarchuk.<\/p>\n\n\n\n<p><strong>La seguridad, un eje fundamental<\/strong><\/p>\n\n\n\n<p>Por su parte, la presidente del HCD, Mar\u00eda Laura Guazzaroni, afirm\u00f3: \u201cDentro de las demandas que tiene nuestra comunidad, la seguridad es fundamental y requiere una presencia importante del Estado para trabajar en la prevenci\u00f3n y mejorar la capacidad de respuesta en la lucha contra el delito. Queremos que los vecinos y vecinas caminen tranquilos, disfruten de los espacios p\u00fablicos y puedan sentirse cada vez m\u00e1s seguros en los barrios. Se trata de un proyecto que escucha las necesidades de la gente y pone a nuestro distrito a la vanguardia en materia de seguridad\u201d.<\/p>\n\n\n\n<p>La Polic\u00eda Municipal de Escobar ser\u00e1 una instituci\u00f3n p\u00fablica especializada que tendr\u00e1 la tarea de prevenir delitos y asistir en situaciones de emergencia. Adem\u00e1s, estar\u00e1 habilitada para aprehender a personas en flagrante delito. Para situaciones de riesgo, los agentes contar\u00e1n con armas no letales que podr\u00e1n utilizarse bajo estrictas condiciones de uso y siempre en el marco de la leg\u00edtima defensa. Seg\u00fan inform\u00f3 el intendente en el plenario de la semana pasada, se tratar\u00e1 de las pistolas Byrna, fabricadas por Bersa, que funcionan a base de di\u00f3xido de carbono y liberan una sustancia parecida al gas pimienta, con la finalidad de incapacitar moment\u00e1neamente o disuadir a quien comete un delito.<\/p>\n\n\n\n<p>En tanto, la Guardia Urbana se crea con el fin de promover mejores condiciones de seguridad y convivencia en los espacios p\u00fablicos. La misma depender\u00e1 funcional, administrativa y operativamente de la Secretar\u00eda de Seguridad de la Municipalidad de Escobar, a cargo de Roc\u00edo Fern\u00e1ndez, quien tendr\u00e1 facultades para establecer la estructura jer\u00e1rquica.<\/p>\n\n\n\n<p><\/p>\n","protected":false},"excerpt":{"rendered":"<p>04 de Noviembre 2024 Con esto, el distrito podr\u00e1 contar con nuevas fuerzas de prevenci\u00f3n..<\/p>\n","protected":false},"author":2,"featured_media":15442,"comment_status":"open","ping_status":"open","sticky":false,"template":"","format":"standard","meta":{"footnotes":""},"categories":[12,3],"tags":[],"class_list":["post-15441","post","type-post","status-publish","format-standard","has-post-thumbnail","hentry","category-escobar","category-municipios"],"_links":{"self":[{"href":"https:\/\/noticiasrec.com\/index.php?rest_route=\/wp\/v2\/posts\/15441","targetHints":{"allow":["GET"]}}],"collection":[{"href":"https:\/\/noticiasrec.com\/index.php?rest_route=\/wp\/v2\/posts"}],"about":[{"href":"https:\/\/noticiasrec.com\/index.php?rest_route=\/wp\/v2\/types\/post"}],"author":[{"embeddable":true,"href":"https:\/\/noticiasrec.com\/index.php?rest_route=\/wp\/v2\/users\/2"}],"replies":[{"embeddable":true,"href":"https:\/\/noticiasrec.com\/index.php?rest_route=%2Fwp%2Fv2%2Fcomments&post=15441"}],"version-history":[{"count":1,"href":"https:\/\/noticiasrec.com\/index.php?rest_route=\/wp\/v2\/posts\/15441\/revisions"}],"predecessor-version":[{"id":15443,"href":"https:\/\/noticiasrec.com\/index.php?rest_route=\/wp\/v2\/posts\/15441\/revisions\/15443"}],"wp:featuredmedia":[{"embeddable":true,"href":"https:\/\/noticiasrec.com\/index.php?rest_route=\/wp\/v2\/media\/15442"}],"wp:attachment":[{"href":"https:\/\/noticiasrec.com\/index.php?rest_route=%2Fwp%2Fv2%2Fmedia&parent=15441"}],"wp:term":[{"taxonomy":"category","embeddable":true,"href":"https:\/\/noticiasrec.com\/index.php?rest_route=%2Fwp%2Fv2%2Fcategories&post=15441"},{"taxonomy":"post_tag","embeddable":true,"href":"https:\/\/noticiasrec.com\/index.php?rest_route=%2Fwp%2Fv2%2Ftags&post=15441"}],"curies":[{"name":"wp","href":"https:\/\/api.w.org\/{rel}","templated":true}]}}