{"id":14979,"date":"2024-08-29T21:06:20","date_gmt":"2024-08-29T21:06:20","guid":{"rendered":"http:\/\/noticiasrec.com\/?p=14979"},"modified":"2024-08-29T21:06:20","modified_gmt":"2024-08-29T21:06:20","slug":"detectan-el-primer-caso-de-viruela-del-mono-en-escobar","status":"publish","type":"post","link":"https:\/\/noticiasrec.com\/?p=14979","title":{"rendered":"Detectan el primer caso de viruela del mono en Escobar"},"content":{"rendered":"\n<p><strong>29 de agosto 2024<\/strong> <\/p>\n\n\n\n<p>Un hombre de 38 a\u00f1os oriundo de Maquinista Savio se recupera en su casa luego de haberse contagiado de viruela s\u00edmica. Afirma que no sali\u00f3 del pa\u00eds, por lo que pas\u00f3 a ser el primer caso aut\u00f3ctono del partido. El lunes se present\u00f3 con s\u00edntomas compatibles con la enfermedad en el Hospital Erill. All\u00ed le tomaron una muestra que fue remitida al Instituto Malbr\u00e1n, que <a><\/a>confirm\u00f3 la positividad. El paciente, como indica el protocolo para estos casos, fue tratado solo para los s\u00edntomas. En este caso, presentaba fiebre y sarpullidos, por lo que fue medicado y se le indic\u00f3 aislamiento en su domicilio. Personal de salud le realiza seguimiento telef\u00f3nico diario.<\/p>\n\n\n\n<figure class=\"wp-block-image size-large is-resized\"><a href=\"http:\/\/noticiasrec.com\/wp-content\/uploads\/2024\/08\/457251721_931273772366416_1110793008379609569_n.jpg\"><img loading=\"lazy\" decoding=\"async\" width=\"1024\" height=\"714\" src=\"http:\/\/noticiasrec.com\/wp-content\/uploads\/2024\/08\/457251721_931273772366416_1110793008379609569_n-1024x714.jpg\" alt=\"\" class=\"wp-image-14980\" style=\"width:728px;height:auto\" srcset=\"https:\/\/noticiasrec.com\/wp-content\/uploads\/2024\/08\/457251721_931273772366416_1110793008379609569_n-1024x714.jpg 1024w, https:\/\/noticiasrec.com\/wp-content\/uploads\/2024\/08\/457251721_931273772366416_1110793008379609569_n-300x209.jpg 300w, https:\/\/noticiasrec.com\/wp-content\/uploads\/2024\/08\/457251721_931273772366416_1110793008379609569_n-768x535.jpg 768w, https:\/\/noticiasrec.com\/wp-content\/uploads\/2024\/08\/457251721_931273772366416_1110793008379609569_n.jpg 1280w\" sizes=\"auto, (max-width: 1024px) 100vw, 1024px\" \/><\/a><\/figure>\n\n\n\n<p>La Viruela S\u00edmica, com\u00fanmente llamada \u201cdel mono\u201d, es una enfermedad viral con s\u00edntomas similares a los de la viruela: granos o ampollas, principalmente en la cara, manos y genitales; fiebre; dolor de cabeza; dolores musculares; Inflamaci\u00f3n de ganglios linf\u00e1ticos y\/o cansancio extremo. El per\u00edodo de incubaci\u00f3n puede oscilar entre 5 y 21 d\u00edas. La enfermedad a menudo es autolimitada y los s\u00edntomas generalmente desaparecen dentro de los 14 a 21 d\u00edas. Su \u00edndice de mortalidad es del 0,2 al 1%, aunque en personas con comorbilidades asociadas a un d\u00e9bil sistema inmunol\u00f3gico este registro es mayor.<\/p>\n\n\n\n<figure class=\"wp-block-image size-full\"><a href=\"http:\/\/noticiasrec.com\/wp-content\/uploads\/2024\/08\/viruela-del-mono-sinaloa-recomendaciones.jpg\"><img loading=\"lazy\" decoding=\"async\" width=\"739\" height=\"415\" src=\"http:\/\/noticiasrec.com\/wp-content\/uploads\/2024\/08\/viruela-del-mono-sinaloa-recomendaciones.jpg\" alt=\"\" class=\"wp-image-14981\" srcset=\"https:\/\/noticiasrec.com\/wp-content\/uploads\/2024\/08\/viruela-del-mono-sinaloa-recomendaciones.jpg 739w, https:\/\/noticiasrec.com\/wp-content\/uploads\/2024\/08\/viruela-del-mono-sinaloa-recomendaciones-300x168.jpg 300w\" sizes=\"auto, (max-width: 739px) 100vw, 739px\" \/><\/a><\/figure>\n\n\n\n<p>El contagio se produce por contacto directo con sarpullidos, costras o fluidos corporales, o contacto estrecho prolongado (m\u00e1s de cuatro horas) con las gotitas respiratorias de una persona infectada.<\/p>\n\n\n\n<p>Quienes tengan sospechas de estar contagiadas deber\u00e1n evitar el contacto con otras personas, as\u00ed como compartir objetos de uso personal como utensilios o toallas, y concurrir a un centro de salud utilizando un barbijo. Quienes viven el partido de Escobar pueden consultar cu\u00e1l es el m\u00e1s cercano a su domicilio en el siguiente link: <a href=\"http:\/\/www.escobar.gob.ar\/centros-de-salud?fbclid=IwZXh0bgNhZW0CMTAAAR1p96u0Za2SM5H_5S2P0gGyr-_gyKgY5SyjkMdpXUuvi6PJw9omH1_yCho_aem_rZMs3XAWG1RzkYmIE2nEUg\" target=\"_blank\" rel=\"noreferrer noopener\">www.escobar.gob.ar\/centros-de-salud<\/a>. <\/p>\n","protected":false},"excerpt":{"rendered":"<p>29 de agosto 2024 Un hombre de 38 a\u00f1os oriundo de Maquinista Savio se recupera..<\/p>\n","protected":false},"author":2,"featured_media":14981,"comment_status":"open","ping_status":"open","sticky":false,"template":"","format":"standard","meta":{"footnotes":""},"categories":[12,3,19],"tags":[],"class_list":["post-14979","post","type-post","status-publish","format-standard","has-post-thumbnail","hentry","category-escobar","category-municipios","category-salud"],"_links":{"self":[{"href":"https:\/\/noticiasrec.com\/index.php?rest_route=\/wp\/v2\/posts\/14979","targetHints":{"allow":["GET"]}}],"collection":[{"href":"https:\/\/noticiasrec.com\/index.php?rest_route=\/wp\/v2\/posts"}],"about":[{"href":"https:\/\/noticiasrec.com\/index.php?rest_route=\/wp\/v2\/types\/post"}],"author":[{"embeddable":true,"href":"https:\/\/noticiasrec.com\/index.php?rest_route=\/wp\/v2\/users\/2"}],"replies":[{"embeddable":true,"href":"https:\/\/noticiasrec.com\/index.php?rest_route=%2Fwp%2Fv2%2Fcomments&post=14979"}],"version-history":[{"count":1,"href":"https:\/\/noticiasrec.com\/index.php?rest_route=\/wp\/v2\/posts\/14979\/revisions"}],"predecessor-version":[{"id":14982,"href":"https:\/\/noticiasrec.com\/index.php?rest_route=\/wp\/v2\/posts\/14979\/revisions\/14982"}],"wp:featuredmedia":[{"embeddable":true,"href":"https:\/\/noticiasrec.com\/index.php?rest_route=\/wp\/v2\/media\/14981"}],"wp:attachment":[{"href":"https:\/\/noticiasrec.com\/index.php?rest_route=%2Fwp%2Fv2%2Fmedia&parent=14979"}],"wp:term":[{"taxonomy":"category","embeddable":true,"href":"https:\/\/noticiasrec.com\/index.php?rest_route=%2Fwp%2Fv2%2Fcategories&post=14979"},{"taxonomy":"post_tag","embeddable":true,"href":"https:\/\/noticiasrec.com\/index.php?rest_route=%2Fwp%2Fv2%2Ftags&post=14979"}],"curies":[{"name":"wp","href":"https:\/\/api.w.org\/{rel}","templated":true}]}}