{"id":14820,"date":"2024-08-09T11:25:58","date_gmt":"2024-08-09T11:25:58","guid":{"rendered":"http:\/\/noticiasrec.com\/?p=14820"},"modified":"2024-08-09T11:25:58","modified_gmt":"2024-08-09T11:25:58","slug":"llega-a-escobar-un-sol-para-los-chicos-con-shows-gratuitos-de-luck-ra-los-totora-roze-y-mas-artistas-como-sacar-las-entradas","status":"publish","type":"post","link":"https:\/\/noticiasrec.com\/?p=14820","title":{"rendered":"Llega a Escobar \u00abUn sol para los chicos\u00bb, con shows gratuitos de Luck Ra, Los Totora, Roze y m\u00e1s artistas: c\u00f3mo sacar las entradas"},"content":{"rendered":"\n<p><strong>08 de Agosto 2024<\/strong> <\/p>\n\n\n\n<p><strong>El programa de TV que junta donaciones para los pibes m\u00e1s vulnerables se transmitir\u00e1 en vivo por eltrece este s\u00e1bado 10 de agosto, de 16 a 20.30. Ser\u00e1 en el Predio Floral, con la conducci\u00f3n de Guido Kaczka<\/strong><\/p>\n\n\n\n<p>Este s\u00e1bado ser\u00e1 un gran d\u00eda para escobar. Por segundo a\u00f1o consecutivo,\u00a0\u00abUn Sol para los Chicos\u00bb se realizar\u00e1 en el Predio Floral. Bajo el lema \u201cCuidemos juntos lo que m\u00e1s importa\u201d, el p\u00fablico general podr\u00e1 disfrutar por la pantalla de\u00a0<strong>El Trece<\/strong>\u00a0juegos con famosos, sorteos de importantes premios y el plato fuerte: los shows musicales de<strong>\u00a0Luck Ra, Destino San Javier, Los Totora, Yami Safdie, Roze y Muni<\/strong>, que se realizar\u00e1n en otro de los pabellones del predio con capacidad limitada.\u00a0<\/p>\n\n\n\n<figure class=\"wp-block-image size-large is-resized\"><a href=\"http:\/\/noticiasrec.com\/wp-content\/uploads\/2024\/08\/FotoJet-45.jpg.webp\"><img loading=\"lazy\" decoding=\"async\" width=\"1024\" height=\"576\" src=\"http:\/\/noticiasrec.com\/wp-content\/uploads\/2024\/08\/FotoJet-45.jpg-1024x576.webp\" alt=\"\" class=\"wp-image-14821\" style=\"width:810px;height:auto\" srcset=\"https:\/\/noticiasrec.com\/wp-content\/uploads\/2024\/08\/FotoJet-45.jpg-1024x576.webp 1024w, https:\/\/noticiasrec.com\/wp-content\/uploads\/2024\/08\/FotoJet-45.jpg-300x169.webp 300w, https:\/\/noticiasrec.com\/wp-content\/uploads\/2024\/08\/FotoJet-45.jpg-768x432.webp 768w, https:\/\/noticiasrec.com\/wp-content\/uploads\/2024\/08\/FotoJet-45.jpg.webp 1200w\" sizes=\"auto, (max-width: 1024px) 100vw, 1024px\" \/><\/a><\/figure>\n\n\n\n<p>El reconocido programa\u00a0<strong>solidario<\/strong>\u00a0anual que impulsa Unicef se realizar\u00e1 en el predio de\u00a0<strong>Mateo Gelves 1050<\/strong>, en\u00a0Belen de Escobar donde se realiza la Fiesta Nacional de la Flor. Como cada a\u00f1o, todo lo recaudado ser\u00e1 destinado para los chicos y adolescentes en situaciones de vulnerabilidad.<\/p>\n\n\n\n<p>El acuerdo fue rubricado durante un encuentro entre Ariel Sujarchuk\u00a0intendente de Escobar, y las autoridades de Unicef. Seg\u00fan lo dispuesto, el programa ser\u00e1 transmitido por la pantalla de\u00a0<em>eltrece\u00a0<\/em>el s\u00e1bado 10 de agosto de 16.30 a 21.30,\u00a0<strong>con la conducci\u00f3n de Guido Kaczka y Gabriela Sobrado<\/strong>\u00a0y<strong>\u00a0Rulo<\/strong>. De este modo, la comuna distrito del norte del\u00a0conurbano\u00a0se suma a la campa\u00f1a que busca garantizar los derechos de los menores m\u00e1s vulnerables.<\/p>\n\n\n\n<figure class=\"wp-block-image size-full is-resized\"><a href=\"http:\/\/noticiasrec.com\/wp-content\/uploads\/2024\/08\/x3-29.jpg.webp\"><img loading=\"lazy\" decoding=\"async\" width=\"1024\" height=\"576\" src=\"http:\/\/noticiasrec.com\/wp-content\/uploads\/2024\/08\/x3-29.jpg.webp\" alt=\"\" class=\"wp-image-14822\" style=\"width:803px;height:auto\" srcset=\"https:\/\/noticiasrec.com\/wp-content\/uploads\/2024\/08\/x3-29.jpg.webp 1024w, https:\/\/noticiasrec.com\/wp-content\/uploads\/2024\/08\/x3-29.jpg-300x169.webp 300w, https:\/\/noticiasrec.com\/wp-content\/uploads\/2024\/08\/x3-29.jpg-768x432.webp 768w\" sizes=\"auto, (max-width: 1024px) 100vw, 1024px\" \/><\/a><\/figure>\n\n\n\n<p>Los interesados en ver los shows podr\u00e1n adquirir hasta cuatro entradas por persona a partir hoy jueves 8 de agosto en la&nbsp;<a href=\"https:\/\/teatroseminari.tuentrada.com\/selection\/event\/date?productId=10229049136535&amp;gtmStepTracking=true\" target=\"_blank\" rel=\"noreferrer noopener\">web del Teatro Seminari&nbsp;<\/a>hasta agotar los cupos disponibles. Una vez conseguidas esas ubicaciones, deber\u00e1n llevar dos alimentos no perecederos para el programa Escobar Hambre Cero al momento de retirar las entradas f\u00edsicas en la boleter\u00eda del teatro, en Mitre 451, Bel\u00e9n de Escobar.<\/p>\n\n\n\n<p>El Predio Floral de Bel\u00e9n de Escobar tiene las dimensiones e infraestructura ideales para el evento. El espacio abarca m\u00e1s de 17 hect\u00e1reas parquizadas con una&nbsp;<strong>superficie cubierta de 7.000 metros cuadrados,&nbsp;<\/strong>posee un magn\u00edfico rosedal, \u00e1reas de descanso, esparcimiento, estacionamiento y servicios de gastronom\u00eda.<\/p>\n\n\n\n<p><\/p>\n","protected":false},"excerpt":{"rendered":"<p>08 de Agosto 2024 El programa de TV que junta donaciones para los pibes m\u00e1s..<\/p>\n","protected":false},"author":2,"featured_media":14822,"comment_status":"open","ping_status":"open","sticky":false,"template":"","format":"standard","meta":{"footnotes":""},"categories":[6,12,3],"tags":[],"class_list":["post-14820","post","type-post","status-publish","format-standard","has-post-thumbnail","hentry","category-cultura-y-espectaculos","category-escobar","category-municipios"],"_links":{"self":[{"href":"https:\/\/noticiasrec.com\/index.php?rest_route=\/wp\/v2\/posts\/14820","targetHints":{"allow":["GET"]}}],"collection":[{"href":"https:\/\/noticiasrec.com\/index.php?rest_route=\/wp\/v2\/posts"}],"about":[{"href":"https:\/\/noticiasrec.com\/index.php?rest_route=\/wp\/v2\/types\/post"}],"author":[{"embeddable":true,"href":"https:\/\/noticiasrec.com\/index.php?rest_route=\/wp\/v2\/users\/2"}],"replies":[{"embeddable":true,"href":"https:\/\/noticiasrec.com\/index.php?rest_route=%2Fwp%2Fv2%2Fcomments&post=14820"}],"version-history":[{"count":1,"href":"https:\/\/noticiasrec.com\/index.php?rest_route=\/wp\/v2\/posts\/14820\/revisions"}],"predecessor-version":[{"id":14823,"href":"https:\/\/noticiasrec.com\/index.php?rest_route=\/wp\/v2\/posts\/14820\/revisions\/14823"}],"wp:featuredmedia":[{"embeddable":true,"href":"https:\/\/noticiasrec.com\/index.php?rest_route=\/wp\/v2\/media\/14822"}],"wp:attachment":[{"href":"https:\/\/noticiasrec.com\/index.php?rest_route=%2Fwp%2Fv2%2Fmedia&parent=14820"}],"wp:term":[{"taxonomy":"category","embeddable":true,"href":"https:\/\/noticiasrec.com\/index.php?rest_route=%2Fwp%2Fv2%2Fcategories&post=14820"},{"taxonomy":"post_tag","embeddable":true,"href":"https:\/\/noticiasrec.com\/index.php?rest_route=%2Fwp%2Fv2%2Ftags&post=14820"}],"curies":[{"name":"wp","href":"https:\/\/api.w.org\/{rel}","templated":true}]}}