{"id":14213,"date":"2024-04-24T19:35:08","date_gmt":"2024-04-24T19:35:08","guid":{"rendered":"http:\/\/noticiasrec.com\/?p=14213"},"modified":"2024-04-24T19:35:08","modified_gmt":"2024-04-24T19:35:08","slug":"derrumbe-de-mamposteria-en-fonavi-de-garin","status":"publish","type":"post","link":"https:\/\/noticiasrec.com\/?p=14213","title":{"rendered":"Derrumbe de mamposter\u00eda en Fonavi de Garin"},"content":{"rendered":"\n<p><strong>24 de Abril 2024<\/strong> <\/p>\n\n\n\n<p>Momentos de&nbsp;<strong>preocupaci\u00f3n, temor e incluso<\/strong>&nbsp;p\u00e1nico llegaron a vivirse este martes a la noche en el barrio 24 de Febrero, de la localidad de Gar\u00edn, cuando los vecinos escucharon y vieron caer parte de la mamposter\u00eda de un edificio.<\/p>\n\n\n\n<p>El impactante incidente se registr\u00f3 alrededor de las 19.30 en la Torre 1 del conocido complejo\u00a0de monoblocks (ex Fonavi). Los escombros cayeron sobre dos autom\u00f3viles que estaban estacionados en las inmediaciones y quedaron\u00a0<strong>completamente destrozados<\/strong>.<\/p>\n\n\n\n<figure class=\"wp-block-image size-full is-resized\"><a href=\"http:\/\/noticiasrec.com\/wp-content\/uploads\/2024\/04\/auto-aplastado-por-escombros.webp\"><img loading=\"lazy\" decoding=\"async\" width=\"800\" height=\"600\" src=\"http:\/\/noticiasrec.com\/wp-content\/uploads\/2024\/04\/auto-aplastado-por-escombros.webp\" alt=\"\" class=\"wp-image-14214\" style=\"width:663px;height:auto\" srcset=\"https:\/\/noticiasrec.com\/wp-content\/uploads\/2024\/04\/auto-aplastado-por-escombros.webp 800w, https:\/\/noticiasrec.com\/wp-content\/uploads\/2024\/04\/auto-aplastado-por-escombros-300x225.webp 300w, https:\/\/noticiasrec.com\/wp-content\/uploads\/2024\/04\/auto-aplastado-por-escombros-768x576.webp 768w\" sizes=\"auto, (max-width: 800px) 100vw, 800px\" \/><\/a><\/figure>\n\n\n\n<p>Por fortuna,&nbsp;<strong>casi de milagro<\/strong>, los desprendimientos de la construcci\u00f3n no impactaron directamente a ning\u00fan vecino. S\u00f3lo se registr\u00f3 un herido leve, seg\u00fan se inform\u00f3.<\/p>\n\n\n\n<p>Todas las versiones sobre el origen del suceso apuntan la responsabilidad hacia un gasista que estuvo trabajando en el lugar horas antes. Seg\u00fan trascendi\u00f3, el trabajador habr\u00eda cortado parte de una pared para pasar un ca\u00f1o, lo que debilit\u00f3 la estructura edilicia.<\/p>\n\n\n\n<figure class=\"wp-block-image size-full is-resized\"><a href=\"http:\/\/noticiasrec.com\/wp-content\/uploads\/2024\/04\/edificio-con-desprendimiento-de-mamposteria.webp\"><img loading=\"lazy\" decoding=\"async\" width=\"800\" height=\"600\" src=\"http:\/\/noticiasrec.com\/wp-content\/uploads\/2024\/04\/edificio-con-desprendimiento-de-mamposteria.webp\" alt=\"\" class=\"wp-image-14215\" style=\"width:678px;height:auto\" srcset=\"https:\/\/noticiasrec.com\/wp-content\/uploads\/2024\/04\/edificio-con-desprendimiento-de-mamposteria.webp 800w, https:\/\/noticiasrec.com\/wp-content\/uploads\/2024\/04\/edificio-con-desprendimiento-de-mamposteria-300x225.webp 300w, https:\/\/noticiasrec.com\/wp-content\/uploads\/2024\/04\/edificio-con-desprendimiento-de-mamposteria-768x576.webp 768w\" sizes=\"auto, (max-width: 800px) 100vw, 800px\" \/><\/a><\/figure>\n\n\n\n<p>La construcci\u00f3n que sufri\u00f3 este&nbsp;<strong>repentino y peligroso deterioro<\/strong>&nbsp;tiene 10 pisos, 43 departamentos y m\u00e1s de cuatro d\u00e9cadas de antig\u00fcedad.<\/p>\n\n\n\n<p>Por cuestiones de seguridad, el Municipio decidi\u00f3 remover el resto del revestimiento de manera controlada, para lo cual intervino una gr\u00faa hidr\u00e1ulica. A la madrugada ya se hab\u00edan retirado la mayor\u00eda de los escombros y<strong>&nbsp;la calma hab\u00eda vuelto al barrio<\/strong>.<\/p>\n\n\n\n<p>Apenas ocurrido el hecho, se hicieron presentes en el lugar bomberos voluntarios de la localidad de Gar\u00edn, ambulancias del SAME, agentes de Prevenci\u00f3n Comunitaria y de Tr\u00e1nsito.<\/p>\n\n\n\n<p>Tambi\u00e9n se acercaron el secretario de Infraestructura del Municipio, Diego Ben\u00edtez; el director de Defensa Civil, Gabriel P\u00e9rez, y el responsable de la Direcci\u00f3n Operativa Territorial de 24 de Febrero, Edgardo Ceriani. <\/p>\n","protected":false},"excerpt":{"rendered":"<p>24 de Abril 2024 Momentos de&nbsp;preocupaci\u00f3n, temor e incluso&nbsp;p\u00e1nico llegaron a vivirse este martes a..<\/p>\n","protected":false},"author":2,"featured_media":14214,"comment_status":"open","ping_status":"open","sticky":false,"template":"","format":"standard","meta":{"footnotes":""},"categories":[12,3,18],"tags":[],"class_list":["post-14213","post","type-post","status-publish","format-standard","has-post-thumbnail","hentry","category-escobar","category-municipios","category-policiales"],"_links":{"self":[{"href":"https:\/\/noticiasrec.com\/index.php?rest_route=\/wp\/v2\/posts\/14213","targetHints":{"allow":["GET"]}}],"collection":[{"href":"https:\/\/noticiasrec.com\/index.php?rest_route=\/wp\/v2\/posts"}],"about":[{"href":"https:\/\/noticiasrec.com\/index.php?rest_route=\/wp\/v2\/types\/post"}],"author":[{"embeddable":true,"href":"https:\/\/noticiasrec.com\/index.php?rest_route=\/wp\/v2\/users\/2"}],"replies":[{"embeddable":true,"href":"https:\/\/noticiasrec.com\/index.php?rest_route=%2Fwp%2Fv2%2Fcomments&post=14213"}],"version-history":[{"count":1,"href":"https:\/\/noticiasrec.com\/index.php?rest_route=\/wp\/v2\/posts\/14213\/revisions"}],"predecessor-version":[{"id":14216,"href":"https:\/\/noticiasrec.com\/index.php?rest_route=\/wp\/v2\/posts\/14213\/revisions\/14216"}],"wp:featuredmedia":[{"embeddable":true,"href":"https:\/\/noticiasrec.com\/index.php?rest_route=\/wp\/v2\/media\/14214"}],"wp:attachment":[{"href":"https:\/\/noticiasrec.com\/index.php?rest_route=%2Fwp%2Fv2%2Fmedia&parent=14213"}],"wp:term":[{"taxonomy":"category","embeddable":true,"href":"https:\/\/noticiasrec.com\/index.php?rest_route=%2Fwp%2Fv2%2Fcategories&post=14213"},{"taxonomy":"post_tag","embeddable":true,"href":"https:\/\/noticiasrec.com\/index.php?rest_route=%2Fwp%2Fv2%2Ftags&post=14213"}],"curies":[{"name":"wp","href":"https:\/\/api.w.org\/{rel}","templated":true}]}}