{"id":14051,"date":"2024-03-25T20:23:56","date_gmt":"2024-03-25T20:23:56","guid":{"rendered":"http:\/\/noticiasrec.com\/?p=14051"},"modified":"2024-03-25T20:42:34","modified_gmt":"2024-03-25T20:42:34","slug":"escobar-desbaratan-a-una-banda-de-narcomenudeo-donde-hubo-seis-detenidos","status":"publish","type":"post","link":"https:\/\/noticiasrec.com\/?p=14051","title":{"rendered":"Escobar: Desbaratan a una banda de narcomenudeo donde hubo seis detenidos"},"content":{"rendered":"\n<p><strong>25 de Marzo 2024<\/strong> <\/p>\n\n\n\n<p><strong>El operativo incluy\u00f3 17 allanamientos en los barrios El Matadero y Las Lomas. Cuatro hombres y dos mujeres quedaron imputados.<\/strong> <\/p>\n\n\n\n<p>Un espectacular operativo policial, que incluy\u00f3 17 allanamientos, termin\u00f3 en la desarticulaci\u00f3n de una banda de narcomenudeo que&nbsp;<strong>comercializaba marihuana y coca\u00edna<\/strong>&nbsp;en Bel\u00e9n de Escobar.<\/p>\n\n\n\n<p>El procedimiento se llev\u00f3 a cabo el s\u00e1bado a la noche, en el marco de una investigaci\u00f3n por fraccionamiento y venta de estupefacientes que se inici\u00f3 meses atr\u00e1s por denuncias de vecinos. Desde un primer momento, la causa estuvo a cargo de la fiscal&nbsp;<strong>Mabel Amoretti<\/strong>, de la Unidad Fiscal N\u00ba5 de Escobar.<\/p>\n\n\n\n<figure class=\"wp-block-image size-full is-resized\"><a href=\"http:\/\/noticiasrec.com\/wp-content\/uploads\/2024\/03\/droga-y-dinero-decomisado-en-el-operativo.jpg\"><img loading=\"lazy\" decoding=\"async\" src=\"http:\/\/noticiasrec.com\/wp-content\/uploads\/2024\/03\/droga-y-dinero-decomisado-en-el-operativo.jpg\" alt=\"\" class=\"wp-image-14052\" width=\"653\" height=\"653\" srcset=\"https:\/\/noticiasrec.com\/wp-content\/uploads\/2024\/03\/droga-y-dinero-decomisado-en-el-operativo.jpg 800w, https:\/\/noticiasrec.com\/wp-content\/uploads\/2024\/03\/droga-y-dinero-decomisado-en-el-operativo-300x300.jpg 300w, https:\/\/noticiasrec.com\/wp-content\/uploads\/2024\/03\/droga-y-dinero-decomisado-en-el-operativo-150x150.jpg 150w, https:\/\/noticiasrec.com\/wp-content\/uploads\/2024\/03\/droga-y-dinero-decomisado-en-el-operativo-768x768.jpg 768w, https:\/\/noticiasrec.com\/wp-content\/uploads\/2024\/03\/droga-y-dinero-decomisado-en-el-operativo-70x70.jpg 70w\" sizes=\"auto, (max-width: 653px) 100vw, 653px\" \/><\/a><\/figure>\n\n\n\n<p>Luego de recolectar las pruebas necesarias, el juez de Garant\u00edas, Luciano Marino, autoriz\u00f3 los allanamientos: 15 en el<a rel=\"noreferrer noopener\" href=\"https:\/\/eldiadeescobar.com.ar\/?s=El+Matadero+&amp;asl_active=1&amp;p_asl_data=1&amp;customset[]=post&amp;asl_gen[]=excerpt&amp;asl_gen[]=content&amp;asl_gen[]=title&amp;qtranslate_lang=0&amp;filters_initial=1&amp;filters_changed=0\" target=\"_blank\">&nbsp;barrio<\/a>&nbsp;El Matadero y dos en el barrio Las Lomas.<\/p>\n\n\n\n<p>Como resultado del megaoperativo,&nbsp;<strong>cuatro hombres y dos mujeres q<\/strong>ueda<strong>ron detenidos<\/strong>. Est\u00e1n acusados de integrar una banda dedicada al narcomenudeo. Adem\u00e1s, se incautaron distintas cantidades de coca\u00edna y marihuana, cuyo pesaje no fue especificado.<\/p>\n\n\n\n<figure class=\"wp-block-image size-full is-resized\"><a href=\"http:\/\/noticiasrec.com\/wp-content\/uploads\/2024\/03\/operativo-policial-narcomenudeo.webp\"><img loading=\"lazy\" decoding=\"async\" src=\"http:\/\/noticiasrec.com\/wp-content\/uploads\/2024\/03\/operativo-policial-narcomenudeo.webp\" alt=\"\" class=\"wp-image-14053\" width=\"727\" height=\"454\" srcset=\"https:\/\/noticiasrec.com\/wp-content\/uploads\/2024\/03\/operativo-policial-narcomenudeo.webp 1000w, https:\/\/noticiasrec.com\/wp-content\/uploads\/2024\/03\/operativo-policial-narcomenudeo-300x188.webp 300w, https:\/\/noticiasrec.com\/wp-content\/uploads\/2024\/03\/operativo-policial-narcomenudeo-768x480.webp 768w\" sizes=\"auto, (max-width: 727px) 100vw, 727px\" \/><\/a><\/figure>\n\n\n\n<p>Los efectivos policiales que participaron de los allanamientos tambi\u00e9n secuestraron \u201cgran cantidad de dinero en efectivo, tel\u00e9fonos celulares, balanzas de precisi\u00f3n y otros elementos clave para la causa judicial\u201d, seg\u00fan inform\u00f3 la Secretar\u00eda de&nbsp;<a href=\"https:\/\/www.instagram.com\/escobar.seguridad\/?hl=es\" target=\"_blank\" rel=\"noreferrer noopener\">Seguridad<\/a>&nbsp;del Municipio, que conduce Roc\u00edo Fern\u00e1ndez.<\/p>\n\n\n\n<p>En un comunicado, el intendente Ariel Sujarchuk destac\u00f3 el trabajo de la Justicia y de las fuerzas de seguridad que llevaron adelante las tareas de inteligencia y los allanamientos.<\/p>\n\n\n\n<p>\u201cQuiero dimensionar el importante aporte de informaci\u00f3n que hicieron los vecinos de la zona y felicitar a la fiscal Amoretti, y al personal policial que particip\u00f3 en esta&nbsp;<strong>espectacular investigaci\u00f3n<\/strong>\u201d.<\/p>\n\n\n\n<p>\u201cLa lucha contra el narcomenudeo en el partido de Escobar es una pol\u00edtica de Estado y como tal requiere del compromiso de todos. Este operativo fue un ejemplo de ello. No somos partidarios de la mano dura,&nbsp;<strong>pero s\u00ed de la mano firme<\/strong>, para que nuestros vecinos puedan vivir con tranquilidad\u201d, concluy\u00f3 el jefe comunal.<\/p>\n\n\n\n<p>Fuente\/\/eldiadeescobar.com.ar<\/p>\n","protected":false},"excerpt":{"rendered":"<p>25 de Marzo 2024 El operativo incluy\u00f3 17 allanamientos en los barrios El Matadero y..<\/p>\n","protected":false},"author":2,"featured_media":14052,"comment_status":"open","ping_status":"open","sticky":false,"template":"","format":"standard","meta":{"footnotes":""},"categories":[12,3,18],"tags":[],"class_list":["post-14051","post","type-post","status-publish","format-standard","has-post-thumbnail","hentry","category-escobar","category-municipios","category-policiales"],"_links":{"self":[{"href":"https:\/\/noticiasrec.com\/index.php?rest_route=\/wp\/v2\/posts\/14051","targetHints":{"allow":["GET"]}}],"collection":[{"href":"https:\/\/noticiasrec.com\/index.php?rest_route=\/wp\/v2\/posts"}],"about":[{"href":"https:\/\/noticiasrec.com\/index.php?rest_route=\/wp\/v2\/types\/post"}],"author":[{"embeddable":true,"href":"https:\/\/noticiasrec.com\/index.php?rest_route=\/wp\/v2\/users\/2"}],"replies":[{"embeddable":true,"href":"https:\/\/noticiasrec.com\/index.php?rest_route=%2Fwp%2Fv2%2Fcomments&post=14051"}],"version-history":[{"count":2,"href":"https:\/\/noticiasrec.com\/index.php?rest_route=\/wp\/v2\/posts\/14051\/revisions"}],"predecessor-version":[{"id":14055,"href":"https:\/\/noticiasrec.com\/index.php?rest_route=\/wp\/v2\/posts\/14051\/revisions\/14055"}],"wp:featuredmedia":[{"embeddable":true,"href":"https:\/\/noticiasrec.com\/index.php?rest_route=\/wp\/v2\/media\/14052"}],"wp:attachment":[{"href":"https:\/\/noticiasrec.com\/index.php?rest_route=%2Fwp%2Fv2%2Fmedia&parent=14051"}],"wp:term":[{"taxonomy":"category","embeddable":true,"href":"https:\/\/noticiasrec.com\/index.php?rest_route=%2Fwp%2Fv2%2Fcategories&post=14051"},{"taxonomy":"post_tag","embeddable":true,"href":"https:\/\/noticiasrec.com\/index.php?rest_route=%2Fwp%2Fv2%2Ftags&post=14051"}],"curies":[{"name":"wp","href":"https:\/\/api.w.org\/{rel}","templated":true}]}}