{"id":13660,"date":"2024-01-03T19:44:08","date_gmt":"2024-01-03T19:44:08","guid":{"rendered":"http:\/\/noticiasrec.com\/?p=13660"},"modified":"2024-01-03T19:44:08","modified_gmt":"2024-01-03T19:44:08","slug":"un-capo-narco-detenido-en-maschwitz-escapo-de-la-carcel-en-ano-nuevo","status":"publish","type":"post","link":"https:\/\/noticiasrec.com\/?p=13660","title":{"rendered":"Un capo narco detenido en Maschwitz escap\u00f3 de la c\u00e1rcel en A\u00f1o Nuevo"},"content":{"rendered":"\n<p><strong>03 de Enero 2024<\/strong> <\/p>\n\n\n\n<p><strong>Se trata de Patricio Ruiz D\u00edaz, que estaba alojado en un penal de Salta. En 2019 le hab\u00edan encontrado casi una tonelada de marihuana y un arsenal.<\/strong> <\/p>\n\n\n\n<p>En medio de los brindis y los festejos por la llegada de A\u00f1o Nuevo, un&nbsp;<strong>peligroso narcotraficante<\/strong>&nbsp;que en 2019 hab\u00eda sido detenido en la localidad de Ingeniero Maschwitz se escap\u00f3 este domingo a la noche de una unidad carcelaria de la provincia de Salta.<\/p>\n\n\n\n<p>Se trata de\u00a0<strong>Patricio Ruiz D\u00edaz\u00a0<\/strong>(45), alias \u201cEl Se\u00f1or del Fusil\u201d, quien se encontraba detenido en el Complejo Penitenciario Federal III, en el departamento salte\u00f1o de General G\u00fcemes. Su ausencia fue advertida a la 1 de la madrugada del lunes, cuando no se present\u00f3 al conteo de rutina.<\/p>\n\n\n\n<figure class=\"wp-block-image size-large\"><a href=\"http:\/\/noticiasrec.com\/wp-content\/uploads\/2024\/01\/multimedia.normal.834c52176b0e5d33.cGVuYWwgZ3VlbWVzX25vcm1hbC5qcGc.jpg\"><img loading=\"lazy\" decoding=\"async\" width=\"1024\" height=\"505\" src=\"http:\/\/noticiasrec.com\/wp-content\/uploads\/2024\/01\/multimedia.normal.834c52176b0e5d33.cGVuYWwgZ3VlbWVzX25vcm1hbC5qcGc-1024x505.jpg\" alt=\"\" class=\"wp-image-13661\" srcset=\"https:\/\/noticiasrec.com\/wp-content\/uploads\/2024\/01\/multimedia.normal.834c52176b0e5d33.cGVuYWwgZ3VlbWVzX25vcm1hbC5qcGc-1024x505.jpg 1024w, https:\/\/noticiasrec.com\/wp-content\/uploads\/2024\/01\/multimedia.normal.834c52176b0e5d33.cGVuYWwgZ3VlbWVzX25vcm1hbC5qcGc-300x148.jpg 300w, https:\/\/noticiasrec.com\/wp-content\/uploads\/2024\/01\/multimedia.normal.834c52176b0e5d33.cGVuYWwgZ3VlbWVzX25vcm1hbC5qcGc-768x379.jpg 768w, https:\/\/noticiasrec.com\/wp-content\/uploads\/2024\/01\/multimedia.normal.834c52176b0e5d33.cGVuYWwgZ3VlbWVzX25vcm1hbC5qcGc-365x180.jpg 365w, https:\/\/noticiasrec.com\/wp-content\/uploads\/2024\/01\/multimedia.normal.834c52176b0e5d33.cGVuYWwgZ3VlbWVzX25vcm1hbC5qcGc.jpg 1200w\" sizes=\"auto, (max-width: 1024px) 100vw, 1024px\" \/><\/a><\/figure>\n\n\n\n<p>Poco despu\u00e9s, los agentes penitenciarios descubrieron una abertura en el alambrado del patio interno del pabell\u00f3n B del Funcional 4 y otro hueco a la altura de la Torre Puesto 1 bis. El narco se habr\u00eda escapado&nbsp;<strong>utilizando un alicate<\/strong>, un elemento prohibido en las prisiones, con el que realiz\u00f3 un boquete en el alambrado perimetral.<\/p>\n\n\n\n<p>Adem\u00e1s, para pasar una zanja que recorre el per\u00edmetro de la prisi\u00f3n cont\u00f3 con la ayuda de una escalera que hizo de puente colgante. Los investigadores creen que\u00a0<strong>pudo tener complicidad interna.<\/strong><\/p>\n\n\n\n<figure class=\"wp-block-image size-full is-resized\"><a href=\"http:\/\/noticiasrec.com\/wp-content\/uploads\/2024\/01\/captura-pantalla-2024-01-03-090119jpg.jpg\"><img loading=\"lazy\" decoding=\"async\" src=\"http:\/\/noticiasrec.com\/wp-content\/uploads\/2024\/01\/captura-pantalla-2024-01-03-090119jpg.jpg\" alt=\"\" class=\"wp-image-13662\" width=\"660\" height=\"437\" srcset=\"https:\/\/noticiasrec.com\/wp-content\/uploads\/2024\/01\/captura-pantalla-2024-01-03-090119jpg.jpg 790w, https:\/\/noticiasrec.com\/wp-content\/uploads\/2024\/01\/captura-pantalla-2024-01-03-090119jpg-300x199.jpg 300w, https:\/\/noticiasrec.com\/wp-content\/uploads\/2024\/01\/captura-pantalla-2024-01-03-090119jpg-768x508.jpg 768w\" sizes=\"auto, (max-width: 660px) 100vw, 660px\" \/><\/a><figcaption class=\"wp-element-caption\"> <\/figcaption><\/figure>\n\n\n\n<p>La fuga de Ruiz D\u00edaz plante\u00f3 varios interrogantes a los detectives. En primer lugar, por qu\u00e9 un delincuente con su prontuario permanec\u00eda alojado en una penitenciar\u00eda con categor\u00eda \u201cC\u201d en seguridad, es decir, mediana, \u201ctirando a baja\u201d. En segundo lugar, por qu\u00e9 hab\u00eda sido Salta el destino de un hombre sin causas en su contra en ese distrito.<\/p>\n\n\n\n<p>Los investigadores tambi\u00e9n buscan saber por qu\u00e9 en junio de 2023 fue trasladado a esa prisi\u00f3n desde el Instituto Penal Federal Colonia Pinto (tambi\u00e9n categor\u00eda \u201cC\u201d), en Santiago del Estero, tres meses despu\u00e9s de que la Direcci\u00f3n Nacional de Inteligencia Criminal (DNIC) advirtiera al Servicio Penitenciario Federal (SPF) que\u00a0<strong>el recluso planeaba fugarse<\/strong>. <\/p>\n\n\n\n<p>Con fecha 17 de marzo, la DNIC, que depende del<a href=\"https:\/\/www.argentina.gob.ar\/seguridad\" target=\"_blank\" rel=\"noreferrer noopener\">&nbsp;Ministerio&nbsp;<\/a>de Seguridad de la Naci\u00f3n, inform\u00f3 la presunta existencia de una organizaci\u00f3n que podr\u00eda estar liderada por la pareja de Ruiz D\u00edaz. La mujer cumpl\u00eda prisi\u00f3n domiciliaria en Escobar por la misma causa que fue instruida en 2019 por el juez federal de Campana, Adri\u00e1n Gonz\u00e1lez Charvay.<\/p>\n\n\n\n<p>Aunque esa investigaci\u00f3n no prosper\u00f3, los agentes advirtieron que la mujer \u201cestar\u00eda planificando la evasi\u00f3n de su pareja\u201d. Al narco lo movieron, pero lo llevaron a un penal m\u00e1s cercano a la frontera y con las mismas caracter\u00edsticas en cuanto al encierro.<\/p>\n\n\n\n<p>El \u201cSe\u00f1or del Fusil\u201d hab\u00eda sido condenado por el Tribunal Oral Federal 1 de San Mart\u00edn a&nbsp;<strong>seis a\u00f1os de prisi\u00f3n<\/strong>&nbsp;por \u201ctr\u00e1fico de estupefacientes en su modalidad de transporte y almacenamiento, acopio ileg\u00edtimo de arma de fuego y municiones\u201d.<\/p>\n\n\n\n<p>Le quedaba apenas un a\u00f1o y cinco meses de condena, que venc\u00eda el 2 de mayo de 2025. Por eso, los investigadores\u00a0<strong>no entienden por qu\u00e9 decidi\u00f3 fugarse<\/strong>.<\/p>\n\n\n\n<p><\/p>\n","protected":false},"excerpt":{"rendered":"<p>03 de Enero 2024 Se trata de Patricio Ruiz D\u00edaz, que estaba alojado en un..<\/p>\n","protected":false},"author":2,"featured_media":13661,"comment_status":"open","ping_status":"open","sticky":false,"template":"","format":"standard","meta":{"footnotes":""},"categories":[12,18],"tags":[],"class_list":["post-13660","post","type-post","status-publish","format-standard","has-post-thumbnail","hentry","category-escobar","category-policiales"],"_links":{"self":[{"href":"https:\/\/noticiasrec.com\/index.php?rest_route=\/wp\/v2\/posts\/13660","targetHints":{"allow":["GET"]}}],"collection":[{"href":"https:\/\/noticiasrec.com\/index.php?rest_route=\/wp\/v2\/posts"}],"about":[{"href":"https:\/\/noticiasrec.com\/index.php?rest_route=\/wp\/v2\/types\/post"}],"author":[{"embeddable":true,"href":"https:\/\/noticiasrec.com\/index.php?rest_route=\/wp\/v2\/users\/2"}],"replies":[{"embeddable":true,"href":"https:\/\/noticiasrec.com\/index.php?rest_route=%2Fwp%2Fv2%2Fcomments&post=13660"}],"version-history":[{"count":1,"href":"https:\/\/noticiasrec.com\/index.php?rest_route=\/wp\/v2\/posts\/13660\/revisions"}],"predecessor-version":[{"id":13663,"href":"https:\/\/noticiasrec.com\/index.php?rest_route=\/wp\/v2\/posts\/13660\/revisions\/13663"}],"wp:featuredmedia":[{"embeddable":true,"href":"https:\/\/noticiasrec.com\/index.php?rest_route=\/wp\/v2\/media\/13661"}],"wp:attachment":[{"href":"https:\/\/noticiasrec.com\/index.php?rest_route=%2Fwp%2Fv2%2Fmedia&parent=13660"}],"wp:term":[{"taxonomy":"category","embeddable":true,"href":"https:\/\/noticiasrec.com\/index.php?rest_route=%2Fwp%2Fv2%2Fcategories&post=13660"},{"taxonomy":"post_tag","embeddable":true,"href":"https:\/\/noticiasrec.com\/index.php?rest_route=%2Fwp%2Fv2%2Ftags&post=13660"}],"curies":[{"name":"wp","href":"https:\/\/api.w.org\/{rel}","templated":true}]}}