{"id":13367,"date":"2023-10-18T12:53:02","date_gmt":"2023-10-18T12:53:02","guid":{"rendered":"http:\/\/noticiasrec.com\/?p=13367"},"modified":"2023-10-18T12:53:02","modified_gmt":"2023-10-18T12:53:02","slug":"se-realizo-la-habilitacion-de-la-av-heroes-de-malvinas-en-ing-pablo-nogues","status":"publish","type":"post","link":"https:\/\/noticiasrec.com\/?p=13367","title":{"rendered":"Se realiz\u00f3 la habilitaci\u00f3n de la Av. H\u00e9roes de Malvinas, en Ing. Pablo Nogu\u00e9s"},"content":{"rendered":"\n<p><strong>18 de octubre 2023<\/strong><\/p>\n\n\n\n<p><strong><em>Leo Nardini, Noe Correa, Luis Vivona y Mar\u00eda Luj\u00e1n Salgado, recorrieron la nueva avenida junto a veteranos de guerra, comerciantes y representantes de gran parte de la sociedad civil. \u00a0<\/em><\/strong><\/p>\n\n\n\n<p>El ministro de Infraestructura y Servicios P\u00fablicos de la provincia de Buenos Aires, Leo Nardini; junto a la intendenta interina de Malvinas Argentinas, Noe Correa; al vicepresidente 1ro del Senado Bonaerense, Luis Vivona; y a la secretaria de Gobierno y Monitoreo Institucional, Lic. Mar\u00eda Luj\u00e1n Salgado; realizaron la habilitaci\u00f3n de la nueva Av. H\u00e9roes de Malvinas, en la ciudad de Ing. Pablo Nogu\u00e9s.\u00a0<\/p>\n\n\n\n<div class=\"wp-block-columns is-layout-flex wp-container-core-columns-is-layout-9d6595d7 wp-block-columns-is-layout-flex\">\n<div class=\"wp-block-column is-layout-flow wp-block-column-is-layout-flow\">\n<figure class=\"wp-block-image size-full is-resized\"><a href=\"http:\/\/noticiasrec.com\/wp-content\/uploads\/2023\/10\/391618694_18391543651013096_8571969972329858288_n.jpg\"><img loading=\"lazy\" decoding=\"async\" src=\"http:\/\/noticiasrec.com\/wp-content\/uploads\/2023\/10\/391618694_18391543651013096_8571969972329858288_n.jpg\" alt=\"\" class=\"wp-image-13368\" width=\"434\" height=\"289\" srcset=\"https:\/\/noticiasrec.com\/wp-content\/uploads\/2023\/10\/391618694_18391543651013096_8571969972329858288_n.jpg 855w, https:\/\/noticiasrec.com\/wp-content\/uploads\/2023\/10\/391618694_18391543651013096_8571969972329858288_n-300x200.jpg 300w, https:\/\/noticiasrec.com\/wp-content\/uploads\/2023\/10\/391618694_18391543651013096_8571969972329858288_n-768x513.jpg 768w\" sizes=\"auto, (max-width: 434px) 100vw, 434px\" \/><\/a><\/figure>\n<\/div>\n\n\n\n<div class=\"wp-block-column is-layout-flow wp-block-column-is-layout-flow\">\n<figure class=\"wp-block-image size-full is-resized\"><a href=\"http:\/\/noticiasrec.com\/wp-content\/uploads\/2023\/10\/393445371_871806784314728_5375394193018257122_n.jpg\"><img loading=\"lazy\" decoding=\"async\" src=\"http:\/\/noticiasrec.com\/wp-content\/uploads\/2023\/10\/393445371_871806784314728_5375394193018257122_n.jpg\" alt=\"\" class=\"wp-image-13369\" width=\"437\" height=\"291\" srcset=\"https:\/\/noticiasrec.com\/wp-content\/uploads\/2023\/10\/393445371_871806784314728_5375394193018257122_n.jpg 960w, https:\/\/noticiasrec.com\/wp-content\/uploads\/2023\/10\/393445371_871806784314728_5375394193018257122_n-300x200.jpg 300w, https:\/\/noticiasrec.com\/wp-content\/uploads\/2023\/10\/393445371_871806784314728_5375394193018257122_n-768x512.jpg 768w\" sizes=\"auto, (max-width: 437px) 100vw, 437px\" \/><\/a><\/figure>\n<\/div>\n<\/div>\n\n\n\n<p>Leo Naridni, dijo: \u201cRecorriendo esta obra, donde quedan algunos detalles para terminar una nueva avenida principal en el coraz\u00f3n del distrito. Como la parte de pavimentaci\u00f3n est\u00e1 culminada, la habilitamos al tr\u00e1nsito, y pr\u00f3ximamente haremos la inauguraci\u00f3n formal, posterior a la veda\u201d. \u00a0<\/p>\n\n\n\n<div class=\"wp-block-columns is-layout-flex wp-container-core-columns-is-layout-9d6595d7 wp-block-columns-is-layout-flex\">\n<div class=\"wp-block-column is-layout-flow wp-block-column-is-layout-flow\">\n<figure class=\"wp-block-image size-full is-resized\"><a href=\"http:\/\/noticiasrec.com\/wp-content\/uploads\/2023\/10\/393471586_871842510977822_3375470543261858883_n.jpg\"><img loading=\"lazy\" decoding=\"async\" src=\"http:\/\/noticiasrec.com\/wp-content\/uploads\/2023\/10\/393471586_871842510977822_3375470543261858883_n.jpg\" alt=\"\" class=\"wp-image-13370\" width=\"432\" height=\"288\" srcset=\"https:\/\/noticiasrec.com\/wp-content\/uploads\/2023\/10\/393471586_871842510977822_3375470543261858883_n.jpg 960w, https:\/\/noticiasrec.com\/wp-content\/uploads\/2023\/10\/393471586_871842510977822_3375470543261858883_n-300x200.jpg 300w, https:\/\/noticiasrec.com\/wp-content\/uploads\/2023\/10\/393471586_871842510977822_3375470543261858883_n-768x512.jpg 768w\" sizes=\"auto, (max-width: 432px) 100vw, 432px\" \/><\/a><\/figure>\n<\/div>\n\n\n\n<div class=\"wp-block-column is-layout-flow wp-block-column-is-layout-flow\">\n<figure class=\"wp-block-image size-large is-resized\"><a href=\"http:\/\/noticiasrec.com\/wp-content\/uploads\/2023\/10\/393502324_887671112727960_5385152318509758828_n.jpg\"><img loading=\"lazy\" decoding=\"async\" src=\"http:\/\/noticiasrec.com\/wp-content\/uploads\/2023\/10\/393502324_887671112727960_5385152318509758828_n-1024x683.jpg\" alt=\"\" class=\"wp-image-13371\" width=\"434\" height=\"289\" srcset=\"https:\/\/noticiasrec.com\/wp-content\/uploads\/2023\/10\/393502324_887671112727960_5385152318509758828_n-1024x683.jpg 1024w, https:\/\/noticiasrec.com\/wp-content\/uploads\/2023\/10\/393502324_887671112727960_5385152318509758828_n-300x200.jpg 300w, https:\/\/noticiasrec.com\/wp-content\/uploads\/2023\/10\/393502324_887671112727960_5385152318509758828_n-768x512.jpg 768w, https:\/\/noticiasrec.com\/wp-content\/uploads\/2023\/10\/393502324_887671112727960_5385152318509758828_n.jpg 1280w\" sizes=\"auto, (max-width: 434px) 100vw, 434px\" \/><\/a><\/figure>\n<\/div>\n<\/div>\n\n\n\n<p>En este lugar \u201chab\u00eda un campo pelado, vac\u00edo, y ahora est\u00e1 completamente transformado para los vecinos de Malvinas Argentinas. Con infraestructura, con conectividad, con obras de viviendas, y muy cerca del Polo de Seguridad del distrito\u201d. \u00a0<\/p>\n\n\n\n<p>Adem\u00e1s del pavimento que se extiende desde la Av. Juan Francisco Segu\u00ed hasta la Av. del Sesquicentenario (ex Ruta 197), el trabajo incluy\u00f3 una obra hidr\u00e1ulica de 1600 metros lineales de ca\u00f1er\u00edas, c\u00e1maras y sumideros.\u00a0El proyecto contempla tambi\u00e9n, la construcci\u00f3n de veredas y rampas de accesibilidad, luminarias LED, y se\u00f1alizaci\u00f3n.\u00a0<\/p>\n\n\n\n<figure class=\"wp-block-image size-full is-resized\"><a href=\"http:\/\/noticiasrec.com\/wp-content\/uploads\/2023\/10\/391732617_871806880981385_8831871228601090178_n.jpg\"><img loading=\"lazy\" decoding=\"async\" src=\"http:\/\/noticiasrec.com\/wp-content\/uploads\/2023\/10\/391732617_871806880981385_8831871228601090178_n.jpg\" alt=\"\" class=\"wp-image-13372\" width=\"705\" height=\"470\" srcset=\"https:\/\/noticiasrec.com\/wp-content\/uploads\/2023\/10\/391732617_871806880981385_8831871228601090178_n.jpg 960w, https:\/\/noticiasrec.com\/wp-content\/uploads\/2023\/10\/391732617_871806880981385_8831871228601090178_n-300x200.jpg 300w, https:\/\/noticiasrec.com\/wp-content\/uploads\/2023\/10\/391732617_871806880981385_8831871228601090178_n-768x512.jpg 768w\" sizes=\"auto, (max-width: 705px) 100vw, 705px\" \/><\/a><\/figure>\n\n\n\n<p>En Malvinas Argentinas desde que inici\u00f3 la gesti\u00f3n municipal vigente, en el a\u00f1o 2015, cada vez son m\u00e1s los espacios p\u00fablicos que reivindican la lucha por las Islas Malvinas: la Plaza 2 de abril; el monumento a Ex. Combatientes; el museo que hermana los centros y asociaciones de veteranos; y ahora la \u201cAv. H\u00e9roes de Malvinas\u201d. &nbsp;<\/p>\n\n\n\n<p>Al respecto, Nardini, expres\u00f3: \u201cTiene que ver con realzar el rol protag\u00f3nico de todos aquellos que lucharon por defender el territorio nacional en aquel momento, y de todos los que ya no est\u00e1n\u201d. \u201cSe trata de seguir record\u00e1ndolos, y de poner en agenda algo tan importante como reivindicar la lucha por el territorio nacional\u201d, finaliz\u00f3 el ministro.&nbsp;<\/p>\n","protected":false},"excerpt":{"rendered":"<p>18 de octubre 2023 Leo Nardini, Noe Correa, Luis Vivona y Mar\u00eda Luj\u00e1n Salgado, recorrieron..<\/p>\n","protected":false},"author":2,"featured_media":13368,"comment_status":"open","ping_status":"open","sticky":false,"template":"","format":"standard","meta":{"footnotes":""},"categories":[9,3],"tags":[],"class_list":["post-13367","post","type-post","status-publish","format-standard","has-post-thumbnail","hentry","category-malvinas-argentinas","category-municipios"],"_links":{"self":[{"href":"https:\/\/noticiasrec.com\/index.php?rest_route=\/wp\/v2\/posts\/13367","targetHints":{"allow":["GET"]}}],"collection":[{"href":"https:\/\/noticiasrec.com\/index.php?rest_route=\/wp\/v2\/posts"}],"about":[{"href":"https:\/\/noticiasrec.com\/index.php?rest_route=\/wp\/v2\/types\/post"}],"author":[{"embeddable":true,"href":"https:\/\/noticiasrec.com\/index.php?rest_route=\/wp\/v2\/users\/2"}],"replies":[{"embeddable":true,"href":"https:\/\/noticiasrec.com\/index.php?rest_route=%2Fwp%2Fv2%2Fcomments&post=13367"}],"version-history":[{"count":1,"href":"https:\/\/noticiasrec.com\/index.php?rest_route=\/wp\/v2\/posts\/13367\/revisions"}],"predecessor-version":[{"id":13373,"href":"https:\/\/noticiasrec.com\/index.php?rest_route=\/wp\/v2\/posts\/13367\/revisions\/13373"}],"wp:featuredmedia":[{"embeddable":true,"href":"https:\/\/noticiasrec.com\/index.php?rest_route=\/wp\/v2\/media\/13368"}],"wp:attachment":[{"href":"https:\/\/noticiasrec.com\/index.php?rest_route=%2Fwp%2Fv2%2Fmedia&parent=13367"}],"wp:term":[{"taxonomy":"category","embeddable":true,"href":"https:\/\/noticiasrec.com\/index.php?rest_route=%2Fwp%2Fv2%2Fcategories&post=13367"},{"taxonomy":"post_tag","embeddable":true,"href":"https:\/\/noticiasrec.com\/index.php?rest_route=%2Fwp%2Fv2%2Ftags&post=13367"}],"curies":[{"name":"wp","href":"https:\/\/api.w.org\/{rel}","templated":true}]}}