{"id":13320,"date":"2023-10-10T12:38:21","date_gmt":"2023-10-10T12:38:21","guid":{"rendered":"http:\/\/noticiasrec.com\/?p=13320"},"modified":"2023-10-10T12:38:21","modified_gmt":"2023-10-10T12:38:21","slug":"escobar-sujarchuk-quita-subsidios-y-becas-a-quienes-esten-involucrados-en-hechos-de-narcomenudeo","status":"publish","type":"post","link":"https:\/\/noticiasrec.com\/?p=13320","title":{"rendered":"Escobar: Sujarchuk quita subsidios y becas a quienes est\u00e9n involucrados en hechos de narcomenudeo"},"content":{"rendered":"\n<p><strong>10 de Octubre 2023<\/strong> <\/p>\n\n\n\n<p><br><strong>As\u00ed lo dio a conocer el intendente luego de 13 allanamientos en los que fueron detenidas 13 personas. De esta manera, ampl\u00edo un decreto firmado en agosto pasado.<\/strong> <\/p>\n\n\n\n<p>El intendente de Escobar,&nbsp;<strong>Ariel Sujarchuk<\/strong>, anunci\u00f3 la quita de&nbsp;<strong>subsidios, becas<\/strong>&nbsp;y cualquier posibilidad de acogerse a programas de la Municipalidad de Escobar a aquellas personas y familiares directos que&nbsp;<strong>est\u00e9n involucradas en hechos de narcomenudeo<\/strong>.<\/p>\n\n\n\n<p>De esta manera,\u00a0<strong>el jefe comunal ampl\u00edo el decreto firmado el 24 de agosto pasado<\/strong>, cuando se estableci\u00f3 una suspensi\u00f3n similar entre quienes protagonicen, se vinculen o fomenten hechos de violencia social como saqueos.<\/p>\n\n\n\n<figure class=\"wp-block-image size-large is-resized\"><a href=\"http:\/\/noticiasrec.com\/wp-content\/uploads\/2023\/10\/sujarchukjpg.jpg\"><img loading=\"lazy\" decoding=\"async\" src=\"http:\/\/noticiasrec.com\/wp-content\/uploads\/2023\/10\/sujarchukjpg-1024x512.jpg\" alt=\"\" class=\"wp-image-13321\" width=\"676\" height=\"338\" srcset=\"https:\/\/noticiasrec.com\/wp-content\/uploads\/2023\/10\/sujarchukjpg-1024x512.jpg 1024w, https:\/\/noticiasrec.com\/wp-content\/uploads\/2023\/10\/sujarchukjpg-300x150.jpg 300w, https:\/\/noticiasrec.com\/wp-content\/uploads\/2023\/10\/sujarchukjpg-768x384.jpg 768w, https:\/\/noticiasrec.com\/wp-content\/uploads\/2023\/10\/sujarchukjpg.jpg 1140w\" sizes=\"auto, (max-width: 676px) 100vw, 676px\" \/><\/a><\/figure>\n\n\n\n<p><strong>\u201cEsta ampliaci\u00f3n del decreto marca claramente nuestra firmeza pol\u00edtica para que el Estado no subsidie a ning\u00fan delincuente\u00bb<\/strong>, resalt\u00f3 Sujarchuk, quien tom\u00f3 esta medida luego de un operativo en el que se realizaron 13 allanamientos simult\u00e1neos en distintos puntos del partido de Escobar y en el que&nbsp;<strong>se detuvieron a nueve personas<\/strong>&nbsp;-siete hombres y dos mujeres- que integraban una&nbsp;<strong>organizaci\u00f3n narcocriminal que fue totalmente desarticulada<\/strong>.<\/p>\n\n\n\n<p>Adem\u00e1s, fueron incautadas armas de fuego y estupefacientes destinados a la comercializaci\u00f3n.<\/p>\n\n\n\n<figure class=\"wp-block-image size-large is-resized\"><a href=\"http:\/\/noticiasrec.com\/wp-content\/uploads\/2023\/10\/escobaroperativosjpeg.webp\"><img loading=\"lazy\" decoding=\"async\" src=\"http:\/\/noticiasrec.com\/wp-content\/uploads\/2023\/10\/escobaroperativosjpeg-1024x958.webp\" alt=\"\" class=\"wp-image-13322\" width=\"518\" height=\"484\" srcset=\"https:\/\/noticiasrec.com\/wp-content\/uploads\/2023\/10\/escobaroperativosjpeg-1024x958.webp 1024w, https:\/\/noticiasrec.com\/wp-content\/uploads\/2023\/10\/escobaroperativosjpeg-300x281.webp 300w, https:\/\/noticiasrec.com\/wp-content\/uploads\/2023\/10\/escobaroperativosjpeg-768x719.webp 768w, https:\/\/noticiasrec.com\/wp-content\/uploads\/2023\/10\/escobaroperativosjpeg.webp 1140w\" sizes=\"auto, (max-width: 518px) 100vw, 518px\" \/><\/a><\/figure>\n\n\n\n<p>Durante su gobierno,&nbsp;<strong>el partido de Escobar incorpor\u00f3 120 m\u00f3viles, agentes de prevenci\u00f3n, m\u00e1s de 2200 c\u00e1maras de seguridad y 1446 alarmas vecinales<\/strong>&nbsp;-todas vinculadas al Centro de Monitoreo- y el programa Ojos y O\u00eddos en Alerta con m\u00e1s de 40.000 vecinos adheridos. Adem\u00e1s, inaugur\u00f3 el Polo de Seguridad en Gar\u00edn y la base operativa en Maquinista Savio para atender la conflictividad en zonas calientes del distrito.<\/p>\n\n\n\n<p>Adem\u00e1s, en los habituales operativos contra el narcotr\u00e1fico en articulaci\u00f3n con las fuerzas federales y provinciales,&nbsp;<strong>el Municipio aporta perros de la Divisi\u00f3n K9 y el Centro de Operaciones M\u00f3vil (COE)&nbsp;<\/strong>que sirve como sala de situaci\u00f3n para monitorear allanamientos y otros procedimientos.<\/p>\n","protected":false},"excerpt":{"rendered":"<p>10 de Octubre 2023 As\u00ed lo dio a conocer el intendente luego de 13 allanamientos..<\/p>\n","protected":false},"author":2,"featured_media":13321,"comment_status":"open","ping_status":"open","sticky":false,"template":"","format":"standard","meta":{"footnotes":""},"categories":[12,3,18],"tags":[],"class_list":["post-13320","post","type-post","status-publish","format-standard","has-post-thumbnail","hentry","category-escobar","category-municipios","category-policiales"],"_links":{"self":[{"href":"https:\/\/noticiasrec.com\/index.php?rest_route=\/wp\/v2\/posts\/13320","targetHints":{"allow":["GET"]}}],"collection":[{"href":"https:\/\/noticiasrec.com\/index.php?rest_route=\/wp\/v2\/posts"}],"about":[{"href":"https:\/\/noticiasrec.com\/index.php?rest_route=\/wp\/v2\/types\/post"}],"author":[{"embeddable":true,"href":"https:\/\/noticiasrec.com\/index.php?rest_route=\/wp\/v2\/users\/2"}],"replies":[{"embeddable":true,"href":"https:\/\/noticiasrec.com\/index.php?rest_route=%2Fwp%2Fv2%2Fcomments&post=13320"}],"version-history":[{"count":1,"href":"https:\/\/noticiasrec.com\/index.php?rest_route=\/wp\/v2\/posts\/13320\/revisions"}],"predecessor-version":[{"id":13323,"href":"https:\/\/noticiasrec.com\/index.php?rest_route=\/wp\/v2\/posts\/13320\/revisions\/13323"}],"wp:featuredmedia":[{"embeddable":true,"href":"https:\/\/noticiasrec.com\/index.php?rest_route=\/wp\/v2\/media\/13321"}],"wp:attachment":[{"href":"https:\/\/noticiasrec.com\/index.php?rest_route=%2Fwp%2Fv2%2Fmedia&parent=13320"}],"wp:term":[{"taxonomy":"category","embeddable":true,"href":"https:\/\/noticiasrec.com\/index.php?rest_route=%2Fwp%2Fv2%2Fcategories&post=13320"},{"taxonomy":"post_tag","embeddable":true,"href":"https:\/\/noticiasrec.com\/index.php?rest_route=%2Fwp%2Fv2%2Ftags&post=13320"}],"curies":[{"name":"wp","href":"https:\/\/api.w.org\/{rel}","templated":true}]}}