{"id":13142,"date":"2023-09-13T20:11:03","date_gmt":"2023-09-13T20:11:03","guid":{"rendered":"http:\/\/noticiasrec.com\/?p=13142"},"modified":"2023-09-13T20:11:03","modified_gmt":"2023-09-13T20:11:03","slug":"sujarchuk-y-de-pedro-inauguraron-la-primera-oficina-de-renaper-en-la-historia-del-partido-de-escobar","status":"publish","type":"post","link":"https:\/\/noticiasrec.com\/?p=13142","title":{"rendered":"Sujarchuk y De Pedro inauguraron la primera oficina de RENAPER en la historia del partido de Escobar"},"content":{"rendered":"\n<p><strong>13 de Septiembre 2023<\/strong> <\/p>\n\n\n\n<p><strong>En Bel\u00e9n de Escobar, el intendente Ariel Sujarchuk y el ministro del Interior de la Naci\u00f3n, Wado de Pedro, inauguraron un Centro de Acceso Documentario (CAD) donde funcionar\u00e1 la primera oficina propia del Registro Nacional de las Personas (RENAPER) en el partido de Escobar, que permitir\u00e1 a los migrantes de nuestro distrito realizar sus tr\u00e1mites de migraciones con mayor facilidad y sin tener que trasladarse a otras ciudades. Al mismo tiempo, en esta oficina se brindar\u00e1 similar servicio a personas migrantes que residen en otros siete municipios cercanos.<\/strong> <\/p>\n\n\n\n<p>En tanto, como parte del acuerdo entre la Municipalidad de Escobar y el RENAPER se estableci\u00f3 un mecanismo de validaci\u00f3n de datos entre ambas instituciones, que optimizar\u00e1 las prestaciones de la plataforma Escobar 360 y posicionar\u00e1 al distrito entre los primeros diez municipios del pa\u00eds en contar con esta herramienta para garantizar un Estado municipal moderno y \u00e1gil.<\/p>\n\n\n\n<figure class=\"wp-block-image size-full\"><a href=\"http:\/\/noticiasrec.com\/wp-content\/uploads\/2023\/09\/6501f003e404b.jpg\"><img loading=\"lazy\" decoding=\"async\" width=\"660\" height=\"374\" src=\"http:\/\/noticiasrec.com\/wp-content\/uploads\/2023\/09\/6501f003e404b.jpg\" alt=\"\" class=\"wp-image-13143\" srcset=\"https:\/\/noticiasrec.com\/wp-content\/uploads\/2023\/09\/6501f003e404b.jpg 660w, https:\/\/noticiasrec.com\/wp-content\/uploads\/2023\/09\/6501f003e404b-300x170.jpg 300w\" sizes=\"auto, (max-width: 660px) 100vw, 660px\" \/><\/a><\/figure>\n\n\n\n<p>\u00abEl hecho de inaugurar esta oficina tiene que ver con militar los expedientes, con un Municipio que empuja y gestiona para que la gente viva cada d\u00eda mejor. Adem\u00e1s, tenemos un ministro como Wado que escucha y da respuestas. Cuando el Estado est\u00e1 lejos, impide el acceso a derechos, por eso planificamos y dise\u00f1amos ciudades para el arraigo, para que cada vecino y vecina pueda disfrutar y tener la mayor cantidad de servicios y centros de atenci\u00f3n p\u00fablicos cerca de donde viven\u00bb, afirm\u00f3 Sujarchuk. <\/p>\n\n\n\n<figure class=\"wp-block-image size-full\"><a href=\"http:\/\/noticiasrec.com\/wp-content\/uploads\/2023\/09\/6501f0298d591.jpg\"><img loading=\"lazy\" decoding=\"async\" width=\"660\" height=\"440\" src=\"http:\/\/noticiasrec.com\/wp-content\/uploads\/2023\/09\/6501f0298d591.jpg\" alt=\"\" class=\"wp-image-13144\" srcset=\"https:\/\/noticiasrec.com\/wp-content\/uploads\/2023\/09\/6501f0298d591.jpg 660w, https:\/\/noticiasrec.com\/wp-content\/uploads\/2023\/09\/6501f0298d591-300x200.jpg 300w\" sizes=\"auto, (max-width: 660px) 100vw, 660px\" \/><\/a><\/figure>\n\n\n\n<p>\u00abAriel es un intendente que demostr\u00f3 que es posible planificar, ser profesional, incluir tecnolog\u00eda, gestionar, descentralizar y sobre todo que el \u00fanico fin que debe tener un funcionario p\u00fablico es hacer las cosas bien para que todos y todas podamos vivir mejor. Encontramos en \u00e9l un dirigente que copi\u00f3 las mejores experiencias de los \u00faltimos a\u00f1os, dejando en evidencia que la pol\u00edtica, cuando las cosas se hacen como corresponde, sirve para mejorar la realidad\u00bb, concluy\u00f3 De Pedro.<\/p>\n\n\n\n<figure class=\"wp-block-image size-full\"><a href=\"http:\/\/noticiasrec.com\/wp-content\/uploads\/2023\/09\/6501f03fc253a-1.jpg\"><img loading=\"lazy\" decoding=\"async\" width=\"660\" height=\"440\" src=\"http:\/\/noticiasrec.com\/wp-content\/uploads\/2023\/09\/6501f03fc253a-1.jpg\" alt=\"\" class=\"wp-image-13145\" srcset=\"https:\/\/noticiasrec.com\/wp-content\/uploads\/2023\/09\/6501f03fc253a-1.jpg 660w, https:\/\/noticiasrec.com\/wp-content\/uploads\/2023\/09\/6501f03fc253a-1-300x200.jpg 300w\" sizes=\"auto, (max-width: 660px) 100vw, 660px\" \/><\/a><\/figure>\n\n\n\n<p>El acto inaugural cont\u00f3 con la presencia del director del Registro Nacional de las Personas, Santiago Rodr\u00edguez; la directora Nacional de Migraciones, Florencia Carignano; el director Provincial del RENAPER, Mariano R\u00edos Ord\u00f3\u00f1ez; el director de Delegaciones de Migraciones, Nicol\u00e1s Screpis; y el vicec\u00f3nsul del Estado Plurinacional de Bolivia, Delfino Romero Aguilar.<\/p>\n\n\n\n<p>Adem\u00e1s de la oficina del RENAPER, en el nuevo CAD funcionar\u00e1 una Delegaci\u00f3n de Migraciones lo que facilitar\u00e1 la tramitaci\u00f3n de los DNI, pasaportes y los certificados de pre identificaci\u00f3n. Asimismo, a trav\u00e9s de Migraciones se podr\u00e1n gestionar radicaciones temporarias y permanentes, regularizar la situaci\u00f3n migratoria y recibir asesoramiento legal. Este servicio estar\u00e1 habilitado para personas migrantes de nuestro distrito y tambi\u00e9n de otros siete municipios que incluyen a San Mart\u00edn, Campana, San Pedro, Z\u00e1rate, Baradero, San Nicol\u00e1s y Ramallo.<\/p>\n\n\n\n<p>Por otra parte, esta sede desarrollada gracias al trabajo conjunto entre la Municipalidad y el Estado Nacional, contar\u00e1 con un espacio adaptado para que las personas con discapacidad y con Trastornos del Espectro del Autismo (TEA) puedan realizar sus tr\u00e1mites con mayor comodidad. En las oficinas, ubicadas en C\u00e9sar D\u00edaz 745 (Bel\u00e9n de Escobar), se atender\u00e1 sin turno previo de lunes a viernes de 8 a 15 horas.<\/p>\n","protected":false},"excerpt":{"rendered":"<p>13 de Septiembre 2023 En Bel\u00e9n de Escobar, el intendente Ariel Sujarchuk y el ministro..<\/p>\n","protected":false},"author":2,"featured_media":13143,"comment_status":"open","ping_status":"open","sticky":false,"template":"","format":"standard","meta":{"footnotes":""},"categories":[12,3,31],"tags":[],"class_list":["post-13142","post","type-post","status-publish","format-standard","has-post-thumbnail","hentry","category-escobar","category-municipios","category-nacionales"],"_links":{"self":[{"href":"https:\/\/noticiasrec.com\/index.php?rest_route=\/wp\/v2\/posts\/13142","targetHints":{"allow":["GET"]}}],"collection":[{"href":"https:\/\/noticiasrec.com\/index.php?rest_route=\/wp\/v2\/posts"}],"about":[{"href":"https:\/\/noticiasrec.com\/index.php?rest_route=\/wp\/v2\/types\/post"}],"author":[{"embeddable":true,"href":"https:\/\/noticiasrec.com\/index.php?rest_route=\/wp\/v2\/users\/2"}],"replies":[{"embeddable":true,"href":"https:\/\/noticiasrec.com\/index.php?rest_route=%2Fwp%2Fv2%2Fcomments&post=13142"}],"version-history":[{"count":1,"href":"https:\/\/noticiasrec.com\/index.php?rest_route=\/wp\/v2\/posts\/13142\/revisions"}],"predecessor-version":[{"id":13146,"href":"https:\/\/noticiasrec.com\/index.php?rest_route=\/wp\/v2\/posts\/13142\/revisions\/13146"}],"wp:featuredmedia":[{"embeddable":true,"href":"https:\/\/noticiasrec.com\/index.php?rest_route=\/wp\/v2\/media\/13143"}],"wp:attachment":[{"href":"https:\/\/noticiasrec.com\/index.php?rest_route=%2Fwp%2Fv2%2Fmedia&parent=13142"}],"wp:term":[{"taxonomy":"category","embeddable":true,"href":"https:\/\/noticiasrec.com\/index.php?rest_route=%2Fwp%2Fv2%2Fcategories&post=13142"},{"taxonomy":"post_tag","embeddable":true,"href":"https:\/\/noticiasrec.com\/index.php?rest_route=%2Fwp%2Fv2%2Ftags&post=13142"}],"curies":[{"name":"wp","href":"https:\/\/api.w.org\/{rel}","templated":true}]}}