{"id":13021,"date":"2023-08-24T21:53:33","date_gmt":"2023-08-24T21:53:33","guid":{"rendered":"http:\/\/noticiasrec.com\/?p=13021"},"modified":"2023-08-24T21:53:33","modified_gmt":"2023-08-24T21:53:33","slug":"escobar-sujarchuk-decreto-quita-de-subsidios-y-beneficios-a-quienes-hayan-participado-o-instigado-hechos-de-violencia","status":"publish","type":"post","link":"https:\/\/noticiasrec.com\/?p=13021","title":{"rendered":"Escobar: Sujarchuk decret\u00f3 quita de subsidios y beneficios a quienes hayan participado o instigado hechos de violencia"},"content":{"rendered":"\n<p><strong>24 de Agosto 2023<\/strong> <\/p>\n\n\n\n<p>El intendente de Escobar, Ariel Sujarchuk, firm\u00f3 un decreto en el que se establece que la Municipalidad de Escobar suspende todo tipo de subsidios, becas y cualquier posibilidad de acogerse a programas municipales entre todas aquellas personas que se encuentren vinculadas y\/o fomenten hechos de violencia.<\/p>\n\n\n\n<p>\u201cDesde el primer momento repudiamos estas maniobras espurias que utilizan a ni\u00f1os, ni\u00f1as y adolescentes y por eso disponemos todas las herramientas del Estado Municipal para ir contra quienes instigan estos episodios. Por un lado, aportando todos los datos que tenemos a la Justicia y recabando material probatorio para sancionar a los responsables. Por el otro, cortando de cuajo la posibilidad de ser beneficiados por las pol\u00edticas del Estado, que de ninguna manera puede subsidiar a aquellos que delinquen o instigan a la violencia\u201d, explic\u00f3 Sujarchuk.<\/p>\n\n\n\n<figure class=\"wp-block-image size-full is-resized\"><a href=\"http:\/\/noticiasrec.com\/wp-content\/uploads\/2023\/08\/unnamed-48.jpg\"><img loading=\"lazy\" decoding=\"async\" src=\"http:\/\/noticiasrec.com\/wp-content\/uploads\/2023\/08\/unnamed-48.jpg\" alt=\"\" class=\"wp-image-13022\" width=\"533\" height=\"355\" srcset=\"https:\/\/noticiasrec.com\/wp-content\/uploads\/2023\/08\/unnamed-48.jpg 660w, https:\/\/noticiasrec.com\/wp-content\/uploads\/2023\/08\/unnamed-48-300x200.jpg 300w\" sizes=\"auto, (max-width: 533px) 100vw, 533px\" \/><\/a><\/figure>\n\n\n\n<p>En este sentido, la causa penal por \u00abinstigaci\u00f3n a cometer delitos\u00bb llevada adelante por la Fiscal Dra. Mabel Amoretti, de la UFI N5 de Escobar, tuvo un nuevo avance: gracias al accionar de la Polic\u00eda en colaboraci\u00f3n con el Municipio, se logr\u00f3 abortar un nuevo intento de instigaci\u00f3n a cometer delitos y desbaratar otro grupo de personas que generaba actitudes violentas.<\/p>\n\n\n\n<p>En la noche del mi\u00e9rcoles se realizaron varios allanamientos en simult\u00e1neo, en Gar\u00edn e Ingeniero Maschwitz, ordenados por el Juzgado de Garant\u00edas Nro. 4 de Escobar, a cargo del Dr. Mariano Chausis. El resultado fue el secuestro de celulares utilizados para difundir mensajes a trav\u00e9s de redes sociales que buscaban generar temor en la poblaci\u00f3n e incitando a cometer delitos contra la propiedad, entre otros objetivos, y la identificaci\u00f3n de dos hombres y una mujer que fueron demorados y puestos a disposici\u00f3n de la Justicia.<\/p>\n\n\n\n<p>El trabajo se realiz\u00f3 en conjunto entre la Unidad Funcional de Instrucci\u00f3n y Juicio Nro. 5, la Subdelegaci\u00f3n de la Direcci\u00f3n Nacional de Investigaci\u00f3n Criminal de Escobar, el Comando de Patrullas y Secretar\u00eda de Seguridad y Prevenci\u00f3n Comunitaria del Municipio de Escobar.<\/p>\n","protected":false},"excerpt":{"rendered":"<p>24 de Agosto 2023 El intendente de Escobar, Ariel Sujarchuk, firm\u00f3 un decreto en el..<\/p>\n","protected":false},"author":2,"featured_media":13022,"comment_status":"open","ping_status":"open","sticky":false,"template":"","format":"standard","meta":{"footnotes":""},"categories":[12,3],"tags":[],"class_list":["post-13021","post","type-post","status-publish","format-standard","has-post-thumbnail","hentry","category-escobar","category-municipios"],"_links":{"self":[{"href":"https:\/\/noticiasrec.com\/index.php?rest_route=\/wp\/v2\/posts\/13021","targetHints":{"allow":["GET"]}}],"collection":[{"href":"https:\/\/noticiasrec.com\/index.php?rest_route=\/wp\/v2\/posts"}],"about":[{"href":"https:\/\/noticiasrec.com\/index.php?rest_route=\/wp\/v2\/types\/post"}],"author":[{"embeddable":true,"href":"https:\/\/noticiasrec.com\/index.php?rest_route=\/wp\/v2\/users\/2"}],"replies":[{"embeddable":true,"href":"https:\/\/noticiasrec.com\/index.php?rest_route=%2Fwp%2Fv2%2Fcomments&post=13021"}],"version-history":[{"count":1,"href":"https:\/\/noticiasrec.com\/index.php?rest_route=\/wp\/v2\/posts\/13021\/revisions"}],"predecessor-version":[{"id":13023,"href":"https:\/\/noticiasrec.com\/index.php?rest_route=\/wp\/v2\/posts\/13021\/revisions\/13023"}],"wp:featuredmedia":[{"embeddable":true,"href":"https:\/\/noticiasrec.com\/index.php?rest_route=\/wp\/v2\/media\/13022"}],"wp:attachment":[{"href":"https:\/\/noticiasrec.com\/index.php?rest_route=%2Fwp%2Fv2%2Fmedia&parent=13021"}],"wp:term":[{"taxonomy":"category","embeddable":true,"href":"https:\/\/noticiasrec.com\/index.php?rest_route=%2Fwp%2Fv2%2Fcategories&post=13021"},{"taxonomy":"post_tag","embeddable":true,"href":"https:\/\/noticiasrec.com\/index.php?rest_route=%2Fwp%2Fv2%2Ftags&post=13021"}],"curies":[{"name":"wp","href":"https:\/\/api.w.org\/{rel}","templated":true}]}}