{"id":12951,"date":"2023-08-10T19:03:06","date_gmt":"2023-08-10T19:03:06","guid":{"rendered":"http:\/\/noticiasrec.com\/?p=12951"},"modified":"2023-08-10T19:03:06","modified_gmt":"2023-08-10T19:03:06","slug":"escobar-este-sabado-12-un-sol-para-los-chicos-sera-transmitido-desde-el-predio-floral","status":"publish","type":"post","link":"https:\/\/noticiasrec.com\/?p=12951","title":{"rendered":"Escobar: Este s\u00e1bado 12 \u201cUn Sol para los Chicos\u201d, ser\u00e1 transmitido desde el Predio Floral"},"content":{"rendered":"\n<p><strong>10 de Agosto 2023<\/strong> <\/p>\n\n\n\n<p>El tradicional programa que se emite por la pantalla de El Trece desde hace 32 a\u00f1os a beneficio de UNICEF, \u201cUn Sol para los Chicos\u201d, ser\u00e1 transmitido desde el Predio Floral gracias a un acuerdo firmado por la Municipalidad y representantes de esta agencia de Naciones Unidas que busca garantizar el cumplimiento de los derechos de la infancia y adolescencia en la Argentina y el mundo.<\/p>\n\n\n\n<figure class=\"wp-block-image size-large is-resized\"><a href=\"http:\/\/noticiasrec.com\/wp-content\/uploads\/2023\/08\/365773691_690875479739581_6310807362608537608_n.jpg\"><img loading=\"lazy\" decoding=\"async\" src=\"http:\/\/noticiasrec.com\/wp-content\/uploads\/2023\/08\/365773691_690875479739581_6310807362608537608_n-1024x575.jpg\" alt=\"\" class=\"wp-image-12952\" width=\"674\" height=\"378\" srcset=\"https:\/\/noticiasrec.com\/wp-content\/uploads\/2023\/08\/365773691_690875479739581_6310807362608537608_n-1024x575.jpg 1024w, https:\/\/noticiasrec.com\/wp-content\/uploads\/2023\/08\/365773691_690875479739581_6310807362608537608_n-300x169.jpg 300w, https:\/\/noticiasrec.com\/wp-content\/uploads\/2023\/08\/365773691_690875479739581_6310807362608537608_n-768x432.jpg 768w, https:\/\/noticiasrec.com\/wp-content\/uploads\/2023\/08\/365773691_690875479739581_6310807362608537608_n-1536x863.jpg 1536w, https:\/\/noticiasrec.com\/wp-content\/uploads\/2023\/08\/365773691_690875479739581_6310807362608537608_n.jpg 1600w\" sizes=\"auto, (max-width: 674px) 100vw, 674px\" \/><\/a><\/figure>\n\n\n\n<p>El evento se <a><\/a>realizar\u00e1 este s\u00e1bado a las 16 horas y contar\u00e1 con la conducci\u00f3n de Guido Kaczka y Laurita Fern\u00e1ndez, la presencia de invitados especiales y grandes artistas como Soledad, MYA, Rusherking, Luck Ra, LiL Cake, Sistars y Lapeband. Los shows ser\u00e1n presentados por Gabriela Sobrado y Pampito. Durante la transmisi\u00f3n, el p\u00fablico podr\u00e1 disfrutar de estos musicales en vivo, juegos, sorteos y mucho m\u00e1s.<\/p>\n\n\n\n<p>La entrada para los shows ser\u00e1 libre y gratuita, con capacidad limitada. Se invita a las personas que participen a colaborar con un alimento no perecedero para el programa <a href=\"https:\/\/www.facebook.com\/hashtag\/escobarhambrecero?__eep__=6&amp;__cft__[0]=AZVmLYJ7QToLKaWZ6gTyUuNdHozGMOTRBMWCVKd-lhTENIAG4T1yn1sORe2eyij5OCds7etrqCGDenkLVrxtFohTf0Ff4OosqHzGVCMxpPCUUvqfuCEfXRVHqyXbSflcFqc84ZRlsDgnRUpbRsYCqQFKOf2Y_HNfat027OemhNwXCIMfnsKWpohLG6zHRUJD4oY&amp;__tn__=*NK-R\">#EscobarHambreCero<\/a>. Tambi\u00e9n se podr\u00e1n donar \u00fatiles escolares a beneficio de las escuelas de la zona de islas del Delta del Paran\u00e1. Ya se puede empezar a colaborar llamando al 0810-333-4455 o ingresando en <a href=\"https:\/\/l.facebook.com\/l.php?u=http%3A%2F%2Funicef.org.ar%2Funsol%3Ffbclid%3DIwAR30Q_WCtriL9PY_SH_CkB48W9oIUqouiDlf8mPyeAoREE9FmlDnqckW2Jg&amp;h=AT37aSWY1YNH0TAbzJIBZNUXAU30VjiNXRuHjEk9Yy85yUO-i8rdxIX9mMOrR-Ri1vTxx5vhwE71uunWvYlekhvb1l5ead06qlkaYb0Tg9aRg3p-WO-KLunYsc38t2l0eyfaorrJ5lOuAaQNPg&amp;__tn__=-UK-R&amp;c[0]=AT2fDEiB54MwZ9NPnGrNja_24Qukxehdy8W76fMamDFaU-Sw3M2ciL6glAyKXgpelUmQsNbfj-M1lUEpEaJu8Dvpb_v-I1u_qbyROoXLXiQoWpT_z83prMTpIF8ziv9B6EM-Pvs9880plEpBSYx2WqU-rRuC7iflbTviwV38wQmKWcqx1HvTG1B1ID75T_6Aiza3Oa1khKUK\" rel=\"noreferrer noopener\" target=\"_blank\">unicef.org.ar\/unsol<\/a>. Adem\u00e1s, quienes comiencen o refuercen su donaci\u00f3n mensual, participar\u00e1n de un sorteo.<\/p>\n","protected":false},"excerpt":{"rendered":"<p>10 de Agosto 2023 El tradicional programa que se emite por la pantalla de El..<\/p>\n","protected":false},"author":2,"featured_media":12952,"comment_status":"open","ping_status":"open","sticky":false,"template":"","format":"standard","meta":{"footnotes":""},"categories":[12,3,5],"tags":[],"class_list":["post-12951","post","type-post","status-publish","format-standard","has-post-thumbnail","hentry","category-escobar","category-municipios","category-sociedad"],"_links":{"self":[{"href":"https:\/\/noticiasrec.com\/index.php?rest_route=\/wp\/v2\/posts\/12951","targetHints":{"allow":["GET"]}}],"collection":[{"href":"https:\/\/noticiasrec.com\/index.php?rest_route=\/wp\/v2\/posts"}],"about":[{"href":"https:\/\/noticiasrec.com\/index.php?rest_route=\/wp\/v2\/types\/post"}],"author":[{"embeddable":true,"href":"https:\/\/noticiasrec.com\/index.php?rest_route=\/wp\/v2\/users\/2"}],"replies":[{"embeddable":true,"href":"https:\/\/noticiasrec.com\/index.php?rest_route=%2Fwp%2Fv2%2Fcomments&post=12951"}],"version-history":[{"count":1,"href":"https:\/\/noticiasrec.com\/index.php?rest_route=\/wp\/v2\/posts\/12951\/revisions"}],"predecessor-version":[{"id":12953,"href":"https:\/\/noticiasrec.com\/index.php?rest_route=\/wp\/v2\/posts\/12951\/revisions\/12953"}],"wp:featuredmedia":[{"embeddable":true,"href":"https:\/\/noticiasrec.com\/index.php?rest_route=\/wp\/v2\/media\/12952"}],"wp:attachment":[{"href":"https:\/\/noticiasrec.com\/index.php?rest_route=%2Fwp%2Fv2%2Fmedia&parent=12951"}],"wp:term":[{"taxonomy":"category","embeddable":true,"href":"https:\/\/noticiasrec.com\/index.php?rest_route=%2Fwp%2Fv2%2Fcategories&post=12951"},{"taxonomy":"post_tag","embeddable":true,"href":"https:\/\/noticiasrec.com\/index.php?rest_route=%2Fwp%2Fv2%2Ftags&post=12951"}],"curies":[{"name":"wp","href":"https:\/\/api.w.org\/{rel}","templated":true}]}}